{"id":254393,"date":"2022-05-07T08:50:32","date_gmt":"2022-05-07T05:50:32","guid":{"rendered":"http:\/\/107.6.182.27\/tr\/?p=254393"},"modified":"2022-05-08T08:16:47","modified_gmt":"2022-05-08T05:16:47","slug":"bogdanov-ve-haddad-rusya-suriye-isbirligini-ve-bolgedeki-gelismeleri-gorustu","status":"publish","type":"post","link":"https:\/\/archive.sana.sy\/tr\/?p=254393","title":{"rendered":"Bogdanov ve Haddad, Rusya-Suriye \u0130\u015fbirli\u011fini Ve B\u00f6lgedeki Geli\u015fmeleri G\u00f6r\u00fc\u015ft\u00fc"},"content":{"rendered":"<p>MOSKOVA \u2013 Rusya Devlet Ba\u015fkan\u0131 Ortado\u011fu ve Afrika \u0130\u015flerinden Sorumlu \u00d6zel Temsilcisi D\u0131\u015fi\u015fleri Bakan Yard\u0131mc\u0131s\u0131 Mihail Bogdanov, Suriye&#8217;nin Moskova B\u00fcy\u00fckel\u00e7isi DR. Riyad Haddad ile Suriye ve \u00e7evresinde ve genel olarak b\u00f6lgedeki durumla ilgili geli\u015fmeleri g\u00f6r\u00fc\u015ft\u00fc.<\/p>\n<p>Rusya D\u0131\u015fi\u015fleri Bakanl\u0131\u011f\u0131&#8217;ndan yap\u0131lan a\u00e7\u0131klamada, Bogdanov&#8217;un Haddad&#8217;\u0131 kabul etti\u011fi ve g\u00f6r\u00fc\u015fmede Astana s\u00fcreci \u00e7er\u00e7evesinde Suriye&#8217;deki krizin \u00e7\u00f6z\u00fcm yollar\u0131n\u0131n ele al\u0131nd\u0131\u011f\u0131 belirtildi.<\/p>\n<p>A\u00e7\u0131klamaya g\u00f6re, g\u00f6r\u00fc\u015fmelerde iki \u00fclke aras\u0131ndaki ikili temaslar\u0131n takvimi de dahil olmak \u00fczere Rusya-Suriye i\u015fbirli\u011finin baz\u0131 acil sorunlar\u0131 da ele al\u0131nd\u0131.<\/p>\n<p><span style=\"color: #0000ff;\">#Telegram_Kanal\u0131m\u0131z: https:\/\/t.me\/SuriyeArapHaberAjansI<\/span><\/p>\n<p>&nbsp;<\/p>\n","protected":false},"excerpt":{"rendered":"<p>MOSKOVA \u2013 Rusya Devlet Ba\u015fkan\u0131 Ortado\u011fu ve Afrika \u0130\u015flerinden Sorumlu \u00d6zel Temsilcisi D\u0131\u015fi\u015fleri Bakan Yard\u0131mc\u0131s\u0131 Mihail Bogdanov, Suriye&#8217;nin Moskova B\u00fcy\u00fckel\u00e7isi DR. Riyad Haddad ile Suriye ve \u00e7evresinde ve genel olarak b\u00f6lgedeki durumla ilgili geli\u015fmeleri g\u00f6r\u00fc\u015ft\u00fc. Rusya D\u0131\u015fi\u015fleri Bakanl\u0131\u011f\u0131&#8217;ndan yap\u0131lan a\u00e7\u0131klamada, Bogdanov&#8217;un Haddad&#8217;\u0131 kabul etti\u011fi ve g\u00f6r\u00fc\u015fmede Astana s\u00fcreci \u00e7er\u00e7evesinde Suriye&#8217;deki krizin \u00e7\u00f6z\u00fcm yollar\u0131n\u0131n ele al\u0131nd\u0131\u011f\u0131 &hellip;<\/p>\n","protected":false},"author":36,"featured_media":254394,"comment_status":"closed","ping_status":"closed","sticky":false,"template":"","format":"standard","meta":{"footnotes":""},"categories":[458,459,17988],"tags":[],"class_list":["post-254393","post","type-post","status-publish","format-standard","has-post-thumbnail","","category-dunya1","category-haberler-arap-uluslararasi-politika","category-son-haberler"],"_links":{"self":[{"href":"https:\/\/archive.sana.sy\/tr\/index.php?rest_route=\/wp\/v2\/posts\/254393","targetHints":{"allow":["GET"]}}],"collection":[{"href":"https:\/\/archive.sana.sy\/tr\/index.php?rest_route=\/wp\/v2\/posts"}],"about":[{"href":"https:\/\/archive.sana.sy\/tr\/index.php?rest_route=\/wp\/v2\/types\/post"}],"author":[{"embeddable":true,"href":"https:\/\/archive.sana.sy\/tr\/index.php?rest_route=\/wp\/v2\/users\/36"}],"replies":[{"embeddable":true,"href":"https:\/\/archive.sana.sy\/tr\/index.php?rest_route=%2Fwp%2Fv2%2Fcomments&post=254393"}],"version-history":[{"count":0,"href":"https:\/\/archive.sana.sy\/tr\/index.php?rest_route=\/wp\/v2\/posts\/254393\/revisions"}],"wp:featuredmedia":[{"embeddable":true,"href":"https:\/\/archive.sana.sy\/tr\/index.php?rest_route=\/wp\/v2\/media\/254394"}],"wp:attachment":[{"href":"https:\/\/archive.sana.sy\/tr\/index.php?rest_route=%2Fwp%2Fv2%2Fmedia&parent=254393"}],"wp:term":[{"taxonomy":"category","embeddable":true,"href":"https:\/\/archive.sana.sy\/tr\/index.php?rest_route=%2Fwp%2Fv2%2Fcategories&post=254393"},{"taxonomy":"post_tag","embeddable":true,"href":"https:\/\/archive.sana.sy\/tr\/index.php?rest_route=%2Fwp%2Fv2%2Ftags&post=254393"}],"curies":[{"name":"wp","href":"https:\/\/api.w.org\/{rel}","templated":true}]}}