{"id":25465,"date":"2015-03-03T11:18:03","date_gmt":"2015-03-03T09:18:03","guid":{"rendered":"http:\/\/www.sana.sy\/tr\/?p=25465"},"modified":"2015-03-03T11:18:03","modified_gmt":"2015-03-03T09:18:03","slug":"askeri-kaynak-halk-savunma-gucleriyle-isbirliginde-ordu-birliklerimizin-bolgede-isid-teror-orgutunden-bazi-teroristleri-oldurmesi-ardindan-tedmur-kirsalindaki-101-gaz-kuyusunu-tamamen-ellerine-gecird","status":"publish","type":"post","link":"https:\/\/archive.sana.sy\/tr\/?p=25465","title":{"rendered":"Askeri kaynak, halk savunma g\u00fc\u00e7leriyle i\u015fbirli\u011finde ordu birliklerimizin b\u00f6lgede I\u015e\u0130D ter\u00f6r \u00f6rg\u00fct\u00fcnden baz\u0131 ter\u00f6ristleri \u00f6ld\u00fcrmesi ard\u0131ndan Tedmur k\u0131rsal\u0131ndaki 101 Gaz Kuyusunu tamamen ellerine ge\u00e7irdiklerini s\u00f6yledi."},"content":{"rendered":"<p>Askeri kaynak, halk savunma g\u00fc\u00e7leriyle i\u015fbirli\u011finde ordu birliklerimizin b\u00f6lgede I\u015e\u0130D ter\u00f6r \u00f6rg\u00fct\u00fcnden baz\u0131 ter\u00f6ristleri \u00f6ld\u00fcrmesi ard\u0131ndan Tedmur k\u0131rsal\u0131ndaki 101 Gaz Kuyusunu tamamen ellerine ge\u00e7irdiklerini s\u00f6yledi.<\/p>\n","protected":false},"excerpt":{"rendered":"<p>Askeri kaynak, halk savunma g\u00fc\u00e7leriyle i\u015fbirli\u011finde ordu birliklerimizin b\u00f6lgede I\u015e\u0130D ter\u00f6r \u00f6rg\u00fct\u00fcnden baz\u0131 ter\u00f6ristleri \u00f6ld\u00fcrmesi ard\u0131ndan Tedmur k\u0131rsal\u0131ndaki 101 Gaz Kuyusunu tamamen ellerine ge\u00e7irdiklerini s\u00f6yledi.<\/p>\n","protected":false},"author":1,"featured_media":0,"comment_status":"closed","ping_status":"closed","sticky":false,"template":"","format":"standard","meta":{"footnotes":""},"categories":[1],"tags":[1031,12099],"class_list":["post-25465","post","type-post","status-publish","format-standard","","category-news-not-sorted","tag-askeri-kaynak","tag-halk-savunma-gucleriyle-isbirliginde-ordu-birliklerimizin-bolgede-isid-teror-orgutunden-bazi-teroristleri-oldurmesi-ardindan-tedmur-kirsalindaki-101-gaz-kuyusunu-tamamen-ellerine-gecirdiklerini-soyled"],"_links":{"self":[{"href":"https:\/\/archive.sana.sy\/tr\/index.php?rest_route=\/wp\/v2\/posts\/25465","targetHints":{"allow":["GET"]}}],"collection":[{"href":"https:\/\/archive.sana.sy\/tr\/index.php?rest_route=\/wp\/v2\/posts"}],"about":[{"href":"https:\/\/archive.sana.sy\/tr\/index.php?rest_route=\/wp\/v2\/types\/post"}],"author":[{"embeddable":true,"href":"https:\/\/archive.sana.sy\/tr\/index.php?rest_route=\/wp\/v2\/users\/1"}],"replies":[{"embeddable":true,"href":"https:\/\/archive.sana.sy\/tr\/index.php?rest_route=%2Fwp%2Fv2%2Fcomments&post=25465"}],"version-history":[{"count":0,"href":"https:\/\/archive.sana.sy\/tr\/index.php?rest_route=\/wp\/v2\/posts\/25465\/revisions"}],"wp:attachment":[{"href":"https:\/\/archive.sana.sy\/tr\/index.php?rest_route=%2Fwp%2Fv2%2Fmedia&parent=25465"}],"wp:term":[{"taxonomy":"category","embeddable":true,"href":"https:\/\/archive.sana.sy\/tr\/index.php?rest_route=%2Fwp%2Fv2%2Fcategories&post=25465"},{"taxonomy":"post_tag","embeddable":true,"href":"https:\/\/archive.sana.sy\/tr\/index.php?rest_route=%2Fwp%2Fv2%2Ftags&post=25465"}],"curies":[{"name":"wp","href":"https:\/\/api.w.org\/{rel}","templated":true}]}}