{"id":254702,"date":"2022-05-11T09:56:10","date_gmt":"2022-05-11T06:56:10","guid":{"rendered":"http:\/\/107.6.182.27\/tr\/?p=254702"},"modified":"2022-05-12T08:23:50","modified_gmt":"2022-05-12T05:23:50","slug":"ceninde-isgal-guclerinin-kursunlariyla-filistinli-bir-gazeteci-sehit-dustu","status":"publish","type":"post","link":"https:\/\/archive.sana.sy\/tr\/?p=254702","title":{"rendered":"Cenin\u2019de, \u0130\u015fgal G\u00fc\u00e7lerinin Kur\u015funlar\u0131yla Filistinli Bayan Gazeteci \u015eehit D\u00fc\u015ft\u00fc"},"content":{"rendered":"<p>\u0130\u015eGAL ED\u0130LEN KUD\u00dcS \u2013 Bat\u0131 yaka&#8217;da yer alan Cenin&#8217;de \u0130srail i\u015fgal g\u00fc\u00e7lerinin kur\u015funlar\u0131yla bir Filistinli gazeteci \u015fehit d\u00fc\u015ft\u00fc, bir gazeteci de yaraland\u0131.<\/p>\n<p>WAFA Haber Ajans\u0131, i\u015fgal g\u00fc\u00e7lerinin Cenin kentine bask\u0131n d\u00fczenleyip bir genci tutuklamak i\u00e7in bir evi ku\u015fatt\u0131\u011f\u0131n\u0131 belirtirken , Gazeteciler de dahil olmak \u00fczere Filistinlilere kur\u015fun ve zehirli gaz bombalar\u0131 ile sald\u0131rd\u0131\u011f\u0131na i\u015faret etti.<\/p>\n<p>Ajans ayr\u0131ca, s\u00f6z konusu sald\u0131r\u0131n\u0131n sonucunda gazeteci \u015eerine Abu Akile \u015fehit d\u00fc\u015ft\u00fc\u011f\u00fcn\u00fc ve gazeteci Ali El Samudi yaraland\u0131\u011f\u0131na dikkat \u00e7ekti.<\/p>\n<p><a class=\"oajrlxb2 g5ia77u1 qu0x051f esr5mh6w e9989ue4 r7d6kgcz rq0escxv nhd2j8a9 nc684nl6 p7hjln8o kvgmc6g5 cxmmr5t8 oygrvhab hcukyx3x jb3vyjys rz4wbd8a qt6c0cv9 a8nywdso i1ao9s8h esuyzwwr f1sip0of lzcic4wl gpro0wi8 q66pz984 b1v8xokw\" tabindex=\"0\" role=\"link\" href=\"https:\/\/www.facebook.com\/hashtag\/telegram_kanal%C4%B1m%C4%B1z?__eep__=6&amp;__cft__[0]=AZUYfAL5UxkEMf6v1O4abGP2na3AneGjgSGOGsBL6PORrck4iII_2Yufs--gs7IdxvSBogUWqyUOfcTjxxkvdXyjlXiQzRvFX02GWug9fHlxdPfyZLNsw5YM_mnwySzshqlL_ZCJTdnm5xLQ2mPWU-Zs&amp;__tn__=*NK-R\">#Telegram_Kanal\u0131m\u0131z<\/a>: <a class=\"oajrlxb2 g5ia77u1 qu0x051f esr5mh6w e9989ue4 r7d6kgcz rq0escxv nhd2j8a9 nc684nl6 p7hjln8o kvgmc6g5 cxmmr5t8 oygrvhab hcukyx3x jb3vyjys rz4wbd8a qt6c0cv9 a8nywdso i1ao9s8h esuyzwwr f1sip0of lzcic4wl gpro0wi8 py34i1dx\" tabindex=\"0\" role=\"link\" href=\"https:\/\/t.me\/SuriyeArapHaberAjansI?fbclid=IwAR0vrKXvgsnlvMZxSAfs_5YnpxfcdtQFR4E5F8V5v8cFCW9v__qGnyGiXVY\" target=\"_blank\" rel=\"nofollow noopener\">https:\/\/t.me\/SuriyeArapHaberAjansI<\/a><\/p>\n<p><em>\u00a0<\/em><\/p>\n","protected":false},"excerpt":{"rendered":"<p>\u0130\u015eGAL ED\u0130LEN KUD\u00dcS \u2013 Bat\u0131 yaka&#8217;da yer alan Cenin&#8217;de \u0130srail i\u015fgal g\u00fc\u00e7lerinin kur\u015funlar\u0131yla bir Filistinli gazeteci \u015fehit d\u00fc\u015ft\u00fc, bir gazeteci de yaraland\u0131. WAFA Haber Ajans\u0131, i\u015fgal g\u00fc\u00e7lerinin Cenin kentine bask\u0131n d\u00fczenleyip bir genci tutuklamak i\u00e7in bir evi ku\u015fatt\u0131\u011f\u0131n\u0131 belirtirken , Gazeteciler de dahil olmak \u00fczere Filistinlilere kur\u015fun ve zehirli gaz bombalar\u0131 ile sald\u0131rd\u0131\u011f\u0131na i\u015faret etti. &hellip;<\/p>\n","protected":false},"author":39,"featured_media":254703,"comment_status":"closed","ping_status":"closed","sticky":false,"template":"","format":"standard","meta":{"footnotes":""},"categories":[458,459,17988],"tags":[],"class_list":["post-254702","post","type-post","status-publish","format-standard","has-post-thumbnail","","category-dunya1","category-haberler-arap-uluslararasi-politika","category-son-haberler"],"_links":{"self":[{"href":"https:\/\/archive.sana.sy\/tr\/index.php?rest_route=\/wp\/v2\/posts\/254702","targetHints":{"allow":["GET"]}}],"collection":[{"href":"https:\/\/archive.sana.sy\/tr\/index.php?rest_route=\/wp\/v2\/posts"}],"about":[{"href":"https:\/\/archive.sana.sy\/tr\/index.php?rest_route=\/wp\/v2\/types\/post"}],"author":[{"embeddable":true,"href":"https:\/\/archive.sana.sy\/tr\/index.php?rest_route=\/wp\/v2\/users\/39"}],"replies":[{"embeddable":true,"href":"https:\/\/archive.sana.sy\/tr\/index.php?rest_route=%2Fwp%2Fv2%2Fcomments&post=254702"}],"version-history":[{"count":0,"href":"https:\/\/archive.sana.sy\/tr\/index.php?rest_route=\/wp\/v2\/posts\/254702\/revisions"}],"wp:featuredmedia":[{"embeddable":true,"href":"https:\/\/archive.sana.sy\/tr\/index.php?rest_route=\/wp\/v2\/media\/254703"}],"wp:attachment":[{"href":"https:\/\/archive.sana.sy\/tr\/index.php?rest_route=%2Fwp%2Fv2%2Fmedia&parent=254702"}],"wp:term":[{"taxonomy":"category","embeddable":true,"href":"https:\/\/archive.sana.sy\/tr\/index.php?rest_route=%2Fwp%2Fv2%2Fcategories&post=254702"},{"taxonomy":"post_tag","embeddable":true,"href":"https:\/\/archive.sana.sy\/tr\/index.php?rest_route=%2Fwp%2Fv2%2Ftags&post=254702"}],"curies":[{"name":"wp","href":"https:\/\/api.w.org\/{rel}","templated":true}]}}