{"id":254743,"date":"2022-05-11T20:55:00","date_gmt":"2022-05-11T17:55:00","guid":{"rendered":"http:\/\/107.6.182.27\/tr\/?p=254743"},"modified":"2022-05-13T08:40:58","modified_gmt":"2022-05-13T05:40:58","slug":"disisleri-bakanligi-suriye-israil-isgal-guclerinin-isgal-altindaki-filistin-topraklarindaki-acimasiz-uygulamalarini-ve-saldirilarini-kiniyor","status":"publish","type":"post","link":"https:\/\/archive.sana.sy\/tr\/?p=254743","title":{"rendered":"D\u0131\u015fi\u015fleri Bakanl\u0131\u011f\u0131: Suriye, \u0130srail \u0130\u015fgal G\u00fc\u00e7lerinin \u0130\u015fgal Alt\u0131ndaki Filistin Topraklar\u0131ndaki Ac\u0131mas\u0131z Uygulamalar\u0131n\u0131 ve Sald\u0131r\u0131lar\u0131n\u0131 K\u0131n\u0131yor"},"content":{"rendered":"<p style=\"text-align: justify;\">\u015eAM \u2013 Suriye, \u0130srail i\u015fgal g\u00fc\u00e7lerinin i\u015fgal alt\u0131ndaki Filistin topraklar\u0131nda Filistin halk\u0131na y\u00f6nelik devam eden sald\u0131r\u0131lar\u0131n\u0131 ve Filistin evlerinin bask\u0131nlar\u0131n\u0131 ve y\u0131k\u0131lmas\u0131n\u0131, topraklar\u0131n\u0131n buldozerle bo\u015falt\u0131lmas\u0131n\u0131 ve yerlerinden edilmelerini k\u0131narak, Filistin halk\u0131n\u0131n ve onlar\u0131n \u00f6zg\u00fcrl\u00fck ve ba\u011f\u0131ms\u0131zl\u0131k haklar\u0131n\u0131 destekleme tutumunu yeniledi.<\/p>\n<p style=\"text-align: justify;\">D\u0131\u015fi\u015fleri ve Gurbet\u00e7iler Bakanl\u0131\u011f\u0131ndan resmi bir kaynak SANA\u2019ya bulundu\u011fu a\u00e7\u0131klamada, \u201cSuriye Arap Cumhuriyeti H\u00fck\u00fcmeti, \u0130srail i\u015fgal g\u00fc\u00e7lerinin i\u015fgal alt\u0131ndaki Filistin topraklar\u0131nda, \u00f6zellikle Kud\u00fcs\u2019ta Filistin halk\u0131na y\u00f6nelik devam eden sald\u0131r\u0131lar\u0131n\u0131 en g\u00fc\u00e7l\u00fc \u015fekilde k\u0131n\u0131yor\u201d dedi.<\/p>\n<p style=\"text-align: justify;\">Kaynak, \u201cSuriye, \u0130srail i\u015fgal g\u00fc\u00e7lerinin Filistin \u015fehir ve beldelerine y\u00f6nelik sald\u0131r\u0131lar\u0131n\u0131, uluslararas\u0131 hukuku a\u00e7\u0131k bir \u015fekilde ihlal te\u015fkil eden Filistinlilerin evlerini y\u0131kmas\u0131n\u0131, topraklar\u0131n\u0131 ve a\u011fa\u00e7lar\u0131n\u0131 yerle bir etmesini, yerlerinden etmelerini ve \u00fczerlerinde binlerce yerle\u015fim birimi in\u015fa etmek i\u00e7in topraklar\u0131na el koymas\u0131n\u0131 da k\u0131n\u0131yor\u201d ifadeleri s\u00f6zlerine ekledi.<\/p>\n<p style=\"text-align: justify;\">Kaynak, Suriye&#8217;nin Filistin halk\u0131na verdi\u011fi deste\u011fi, onlar\u0131n \u00f6zg\u00fcrl\u00fck ve ba\u011f\u0131ms\u0131zl\u0131k haklar\u0131n\u0131, \u0130srail i\u015fgalini sona erdirdi\u011fini ve ba\u015fkenti Kud\u00fcs olan Filistin topraklar\u0131nda ba\u011f\u0131ms\u0131z bir devlet kurdu\u011funu yineledi.<\/p>\n<p style=\"text-align: justify;\">P.M.<\/p>\n","protected":false},"excerpt":{"rendered":"<p>\u015eAM \u2013 Suriye, \u0130srail i\u015fgal g\u00fc\u00e7lerinin i\u015fgal alt\u0131ndaki Filistin topraklar\u0131nda Filistin halk\u0131na y\u00f6nelik devam eden sald\u0131r\u0131lar\u0131n\u0131 ve Filistin evlerinin bask\u0131nlar\u0131n\u0131 ve y\u0131k\u0131lmas\u0131n\u0131, topraklar\u0131n\u0131n buldozerle bo\u015falt\u0131lmas\u0131n\u0131 ve yerlerinden edilmelerini k\u0131narak, Filistin halk\u0131n\u0131n ve onlar\u0131n \u00f6zg\u00fcrl\u00fck ve ba\u011f\u0131ms\u0131zl\u0131k haklar\u0131n\u0131 destekleme tutumunu yeniledi. D\u0131\u015fi\u015fleri ve Gurbet\u00e7iler Bakanl\u0131\u011f\u0131ndan resmi bir kaynak SANA\u2019ya bulundu\u011fu a\u00e7\u0131klamada, \u201cSuriye Arap Cumhuriyeti H\u00fck\u00fcmeti, \u0130srail &hellip;<\/p>\n","protected":false},"author":1,"featured_media":254744,"comment_status":"closed","ping_status":"closed","sticky":false,"template":"","format":"standard","meta":{"footnotes":""},"categories":[479,17988,478],"tags":[],"class_list":["post-254743","post","type-post","status-publish","format-standard","has-post-thumbnail","","category-haberler-yerel","category-son-haberler","category-yerel"],"_links":{"self":[{"href":"https:\/\/archive.sana.sy\/tr\/index.php?rest_route=\/wp\/v2\/posts\/254743","targetHints":{"allow":["GET"]}}],"collection":[{"href":"https:\/\/archive.sana.sy\/tr\/index.php?rest_route=\/wp\/v2\/posts"}],"about":[{"href":"https:\/\/archive.sana.sy\/tr\/index.php?rest_route=\/wp\/v2\/types\/post"}],"author":[{"embeddable":true,"href":"https:\/\/archive.sana.sy\/tr\/index.php?rest_route=\/wp\/v2\/users\/1"}],"replies":[{"embeddable":true,"href":"https:\/\/archive.sana.sy\/tr\/index.php?rest_route=%2Fwp%2Fv2%2Fcomments&post=254743"}],"version-history":[{"count":0,"href":"https:\/\/archive.sana.sy\/tr\/index.php?rest_route=\/wp\/v2\/posts\/254743\/revisions"}],"wp:featuredmedia":[{"embeddable":true,"href":"https:\/\/archive.sana.sy\/tr\/index.php?rest_route=\/wp\/v2\/media\/254744"}],"wp:attachment":[{"href":"https:\/\/archive.sana.sy\/tr\/index.php?rest_route=%2Fwp%2Fv2%2Fmedia&parent=254743"}],"wp:term":[{"taxonomy":"category","embeddable":true,"href":"https:\/\/archive.sana.sy\/tr\/index.php?rest_route=%2Fwp%2Fv2%2Fcategories&post=254743"},{"taxonomy":"post_tag","embeddable":true,"href":"https:\/\/archive.sana.sy\/tr\/index.php?rest_route=%2Fwp%2Fv2%2Ftags&post=254743"}],"curies":[{"name":"wp","href":"https:\/\/api.w.org\/{rel}","templated":true}]}}