{"id":254746,"date":"2022-05-11T20:56:25","date_gmt":"2022-05-11T17:56:25","guid":{"rendered":"http:\/\/107.6.182.27\/tr\/?p=254746"},"modified":"2022-05-12T08:19:56","modified_gmt":"2022-05-12T05:19:56","slug":"cerih-el-vatan-projesi-maddi-hibenin-gazi-yardimci-kuvvetlere-saglanmasi-devam-ediliyor","status":"publish","type":"post","link":"https:\/\/archive.sana.sy\/tr\/?p=254746","title":{"rendered":"\u201cCerih el Vatan\u201d Projesi: Maddi Hibenin Gazi Yard\u0131mc\u0131 Kuvvetlere Sa\u011flanmas\u0131\u00a0 Devam Ediliyor"},"content":{"rendered":"<p style=\"text-align: justify;\">\u015eAM \u2013 Yaral\u0131lar Yuvas\u0131 Projesi, m\u00fcttefik kuvvetlerden k\u0131smi, tam ve tam sakatl\u0131k dilimlerinden t\u00fcm yaral\u0131lara mali hibe aktar\u0131m\u0131n\u0131n tamamland\u0131\u011f\u0131n\u0131 belirtti.<\/p>\n<p style=\"text-align: justify;\">Facebook sayfas\u0131ndaki bir g\u00f6nderiye g\u00f6re, \u201cCerih el Vatan\u201d Projesi, bu yaral\u0131lara Nisan ay\u0131 i\u00e7in ayl\u0131k tazminat transferinin tamamland\u0131\u011f\u0131n\u0131 belirtti.<\/p>\n<p style=\"text-align: justify;\">P.M.<\/p>\n","protected":false},"excerpt":{"rendered":"<p>\u015eAM \u2013 Yaral\u0131lar Yuvas\u0131 Projesi, m\u00fcttefik kuvvetlerden k\u0131smi, tam ve tam sakatl\u0131k dilimlerinden t\u00fcm yaral\u0131lara mali hibe aktar\u0131m\u0131n\u0131n tamamland\u0131\u011f\u0131n\u0131 belirtti. Facebook sayfas\u0131ndaki bir g\u00f6nderiye g\u00f6re, \u201cCerih el Vatan\u201d Projesi, bu yaral\u0131lara Nisan ay\u0131 i\u00e7in ayl\u0131k tazminat transferinin tamamland\u0131\u011f\u0131n\u0131 belirtti. P.M.<\/p>\n","protected":false},"author":1,"featured_media":254747,"comment_status":"closed","ping_status":"closed","sticky":false,"template":"","format":"standard","meta":{"footnotes":""},"categories":[479,17988,478],"tags":[],"class_list":["post-254746","post","type-post","status-publish","format-standard","has-post-thumbnail","","category-haberler-yerel","category-son-haberler","category-yerel"],"_links":{"self":[{"href":"https:\/\/archive.sana.sy\/tr\/index.php?rest_route=\/wp\/v2\/posts\/254746","targetHints":{"allow":["GET"]}}],"collection":[{"href":"https:\/\/archive.sana.sy\/tr\/index.php?rest_route=\/wp\/v2\/posts"}],"about":[{"href":"https:\/\/archive.sana.sy\/tr\/index.php?rest_route=\/wp\/v2\/types\/post"}],"author":[{"embeddable":true,"href":"https:\/\/archive.sana.sy\/tr\/index.php?rest_route=\/wp\/v2\/users\/1"}],"replies":[{"embeddable":true,"href":"https:\/\/archive.sana.sy\/tr\/index.php?rest_route=%2Fwp%2Fv2%2Fcomments&post=254746"}],"version-history":[{"count":0,"href":"https:\/\/archive.sana.sy\/tr\/index.php?rest_route=\/wp\/v2\/posts\/254746\/revisions"}],"wp:featuredmedia":[{"embeddable":true,"href":"https:\/\/archive.sana.sy\/tr\/index.php?rest_route=\/wp\/v2\/media\/254747"}],"wp:attachment":[{"href":"https:\/\/archive.sana.sy\/tr\/index.php?rest_route=%2Fwp%2Fv2%2Fmedia&parent=254746"}],"wp:term":[{"taxonomy":"category","embeddable":true,"href":"https:\/\/archive.sana.sy\/tr\/index.php?rest_route=%2Fwp%2Fv2%2Fcategories&post=254746"},{"taxonomy":"post_tag","embeddable":true,"href":"https:\/\/archive.sana.sy\/tr\/index.php?rest_route=%2Fwp%2Fv2%2Ftags&post=254746"}],"curies":[{"name":"wp","href":"https:\/\/api.w.org\/{rel}","templated":true}]}}