{"id":254749,"date":"2022-05-11T20:57:44","date_gmt":"2022-05-11T17:57:44","guid":{"rendered":"http:\/\/107.6.182.27\/tr\/?p=254749"},"modified":"2022-05-12T08:20:04","modified_gmt":"2022-05-12T05:20:04","slug":"gazeteciler-birligi-israil-isgalinin-filistinli-gazeteci-abu-akelin-yonelik-suikast-sucunu-kinadi","status":"publish","type":"post","link":"https:\/\/archive.sana.sy\/tr\/?p=254749","title":{"rendered":"Gazeteciler Birli\u011fi, \u0130srail \u0130\u015fgalinin Filistinli Gazeteci Abu Akel&#8217;in Y\u00f6nelik Suikast Su\u00e7unu K\u0131nad\u0131"},"content":{"rendered":"<p style=\"text-align: justify;\">\u015eAM \u2013 Suriye Gazeteciler Birli\u011fi, \u0130srail i\u015fgalinin Filistin medyas\u0131n\u0131n \u00f6nemli isimlerinden \u015eirin Abu Akel\u2019e y\u00f6nelik suikast su\u00e7unu k\u0131nayarak, uluslararas\u0131 toplumu bu su\u00e7tan sorumlu olanlardan hesap sorulmas\u0131 i\u00e7in gerekli \u00f6nlemleri almaya \u00e7a\u011f\u0131rd\u0131.<\/p>\n<p style=\"text-align: justify;\">Birlik bug\u00fcn yay\u0131nlad\u0131\u011f\u0131 ve SANA\u2019n\u0131n bir n\u00fcshas\u0131n\u0131 ald\u0131\u011f\u0131 beyanda, \u0130srail i\u015fgal varl\u0131\u011f\u0131n\u0131n gazetecilere y\u00f6nelik sistematik uygulamalar\u0131n\u0131 incelemekte oldu\u011funu ve bunlar\u0131n sonuncusu gazeteci Abu Akel&#8217;in do\u011frudan kafas\u0131na kur\u015funla hedef al\u0131nmas\u0131 ve bunun sonucunda \u015fehit d\u00fc\u015fmesine ve bunun yan\u0131 s\u0131ra Filistin gazetesi Al Quds muhabiri Ali Al Samudi\u2019nin yaralanmas\u0131na yol a\u00e7mas\u0131 oldu\u011funu belirtti.<\/p>\n<p style=\"text-align: justify;\">Birlik, uygulamalar\u0131na ve Filistin halk\u0131na, i\u015fgal alt\u0131ndaki Suriye Arap Golan&#8217;daki halk\u0131m\u0131z ve b\u00f6lge halklar\u0131na y\u00f6nelik a\u011f\u0131r ihlallere ili\u015fkin\u00a0 uluslararas\u0131 sessizli\u011fin \u0131\u015f\u0131\u011f\u0131nda ve Bat\u0131&#8217;n\u0131n s\u00fcrekli deste\u011fi durumunda su\u00e7 i\u015flemeye devam eden \u0130srail i\u015fgali i\u00e7in bu hedeflemenin yeni olmad\u0131\u011f\u0131na dikkat \u00e7ekti.<\/p>\n<p style=\"text-align: justify;\">Birlik beyanda devam ederek, \u201c\u0130\u015fgal alt\u0131ndaki topraklardaki meslekta\u015flar\u0131m\u0131z\u0131n, bu olu\u015fum hangi su\u00e7lar\u0131 i\u015flerse i\u015flesin, davalar\u0131na ba\u011fl\u0131l\u0131klar\u0131n\u0131 ve davalar\u0131n\u0131 savunmaya devam edeceklerinden eminiz\u201d ifadeleri kullanarak Filistin Gazeteciler Sendikas\u0131&#8217;n\u0131n faillerden hesap sormak ve ter\u00f6r\u00fcn her t\u00fcrl\u00fcs\u00fc kar\u015f\u0131s\u0131nda tek cephede onlarla birlikte olmak i\u00e7in ald\u0131\u011f\u0131 \u00f6nlemlere tam deste\u011fini yineledi.<\/p>\n<p style=\"text-align: justify;\">Birlik, Arap ve uluslararas\u0131 kurulu\u015flar\u0131, \u00f6rg\u00fctleri ve sendikalar\u0131, Siyonist varl\u0131\u011f\u0131n gazetecilere kar\u015f\u0131 uygulad\u0131\u011f\u0131 ter\u00f6r\u00fc k\u0131namaya ve bu su\u00e7un sorumlular\u0131n\u0131 uluslararas\u0131 adalete teslim etmeye \u00e7a\u011f\u0131rd\u0131.<\/p>\n<p style=\"text-align: justify;\">P.M.<\/p>\n","protected":false},"excerpt":{"rendered":"<p>\u015eAM \u2013 Suriye Gazeteciler Birli\u011fi, \u0130srail i\u015fgalinin Filistin medyas\u0131n\u0131n \u00f6nemli isimlerinden \u015eirin Abu Akel\u2019e y\u00f6nelik suikast su\u00e7unu k\u0131nayarak, uluslararas\u0131 toplumu bu su\u00e7tan sorumlu olanlardan hesap sorulmas\u0131 i\u00e7in gerekli \u00f6nlemleri almaya \u00e7a\u011f\u0131rd\u0131. Birlik bug\u00fcn yay\u0131nlad\u0131\u011f\u0131 ve SANA\u2019n\u0131n bir n\u00fcshas\u0131n\u0131 ald\u0131\u011f\u0131 beyanda, \u0130srail i\u015fgal varl\u0131\u011f\u0131n\u0131n gazetecilere y\u00f6nelik sistematik uygulamalar\u0131n\u0131 incelemekte oldu\u011funu ve bunlar\u0131n sonuncusu gazeteci Abu Akel&#8217;in &hellip;<\/p>\n","protected":false},"author":1,"featured_media":254750,"comment_status":"closed","ping_status":"closed","sticky":false,"template":"","format":"standard","meta":{"footnotes":""},"categories":[479,17988,478],"tags":[],"class_list":["post-254749","post","type-post","status-publish","format-standard","has-post-thumbnail","","category-haberler-yerel","category-son-haberler","category-yerel"],"_links":{"self":[{"href":"https:\/\/archive.sana.sy\/tr\/index.php?rest_route=\/wp\/v2\/posts\/254749","targetHints":{"allow":["GET"]}}],"collection":[{"href":"https:\/\/archive.sana.sy\/tr\/index.php?rest_route=\/wp\/v2\/posts"}],"about":[{"href":"https:\/\/archive.sana.sy\/tr\/index.php?rest_route=\/wp\/v2\/types\/post"}],"author":[{"embeddable":true,"href":"https:\/\/archive.sana.sy\/tr\/index.php?rest_route=\/wp\/v2\/users\/1"}],"replies":[{"embeddable":true,"href":"https:\/\/archive.sana.sy\/tr\/index.php?rest_route=%2Fwp%2Fv2%2Fcomments&post=254749"}],"version-history":[{"count":0,"href":"https:\/\/archive.sana.sy\/tr\/index.php?rest_route=\/wp\/v2\/posts\/254749\/revisions"}],"wp:featuredmedia":[{"embeddable":true,"href":"https:\/\/archive.sana.sy\/tr\/index.php?rest_route=\/wp\/v2\/media\/254750"}],"wp:attachment":[{"href":"https:\/\/archive.sana.sy\/tr\/index.php?rest_route=%2Fwp%2Fv2%2Fmedia&parent=254749"}],"wp:term":[{"taxonomy":"category","embeddable":true,"href":"https:\/\/archive.sana.sy\/tr\/index.php?rest_route=%2Fwp%2Fv2%2Fcategories&post=254749"},{"taxonomy":"post_tag","embeddable":true,"href":"https:\/\/archive.sana.sy\/tr\/index.php?rest_route=%2Fwp%2Fv2%2Ftags&post=254749"}],"curies":[{"name":"wp","href":"https:\/\/api.w.org\/{rel}","templated":true}]}}