{"id":254752,"date":"2022-05-11T21:19:21","date_gmt":"2022-05-11T18:19:21","guid":{"rendered":"http:\/\/107.6.182.27\/tr\/?p=254752"},"modified":"2022-05-12T08:24:15","modified_gmt":"2022-05-12T05:24:15","slug":"gabbas-mahtumova-ve-hacca-ile-saglik-sektorunun-karsi-karsiya-oldugu-meydan-okumalari-ele-aldi","status":"publish","type":"post","link":"https:\/\/archive.sana.sy\/tr\/?p=254752","title":{"rendered":"Gabba\u015f, Mahtumova Ve Hacca \u0130le Sa\u011fl\u0131k Sekt\u00f6r\u00fcn\u00fcn Kar\u015f\u0131 Kar\u015f\u0131ya Oldu\u011fu Meydan Okumalar\u0131 Ele Ald\u0131"},"content":{"rendered":"<p style=\"text-align: justify;\">\u015eAM &#8211; Sa\u011fl\u0131k Bakan\u0131 Dr. Hasan Muhammed Al Gabba\u015f, heyetin ba\u015fkan\u0131, D\u00fcnya Sa\u011fl\u0131k \u00d6rg\u00fct\u00fc&#8217;n\u00fcn Suriye temsilcisi, \u00d6rg\u00fct\u00fcn B\u00f6lge Ofisi Programlar Direkt\u00f6r\u00fc Dr. Akcemal Mahtumova ve B\u00f6lge Direkt\u00f6r Yard\u0131mc\u0131s\u0131 Dr. Rena Al Hacca ile, Suriye halk\u0131na uygulanan abluka\u0131\u015f\u0131\u011f\u0131nda ba\u015fta COVID-19 salg\u0131n\u0131 olmak \u00fczere sa\u011fl\u0131k sekt\u00f6r\u00fcn\u00fcn kar\u015f\u0131la\u015ft\u0131\u011f\u0131 zorluklar\u0131 ele ald\u0131.<\/p>\n<p style=\"text-align: justify;\">G\u00f6r\u00fc\u015fmede, vatanda\u015flara t\u0131bbi hizmet sa\u011flayan t\u0131bbi ekipman\u0131n g\u00fcvenli\u011fini sa\u011flamak i\u00e7in i\u015f birli\u011finin g\u00fc\u00e7lendirilmesinin \u00f6nemine ek olarak, Korona vir\u00fcs\u00fcne kar\u015f\u0131 a\u015f\u0131 kampanyas\u0131nda g\u00f6sterilen \u00e7abalar ve k\u00fcresel pandemideki son geli\u015fmeler ele al\u0131nd\u0131.<\/p>\n<p style=\"text-align: justify;\">Dr. Al Gabba\u015f, \u00f6rg\u00fct\u00fcn Suriye&#8217;deki misyonunun g\u00f6sterdi\u011fi \u00e7abalar i\u00e7in te\u015fekk\u00fcrlerini dile getirdi.<\/p>\n<p style=\"text-align: justify;\">Buna kar\u015f\u0131l\u0131k Dr. Al Hacca, Suriye Sa\u011fl\u0131k Bakanl\u0131\u011f\u0131&#8217;n\u0131n \u00e7abalar\u0131na dikkat \u00e7ekerek, d\u00fcnyan\u0131n baz\u0131 b\u00f6lgelerindeki sa\u011fl\u0131k durumu ve baz\u0131 \u00fclkelerde y\u00fcksek say\u0131da Korona vir\u00fcs\u00fc enfeksiyonunun geri d\u00f6nmesi konusundaki endi\u015felerini dile getirdi.<\/p>\n<p style=\"text-align: justify;\">Kendi y\u00f6n\u00fcnden Dr. Mahtumova ise Suriye Sa\u011fl\u0131k Bakanl\u0131\u011f\u0131 ile \u00fcst d\u00fczey koordinasyonun bulundu\u011funa i\u015faret ederek, vatanda\u015flar\u0131n sa\u011fl\u0131k ihtiya\u00e7lar\u0131n\u0131n kar\u015f\u0131lanmas\u0131na y\u00f6nelik \u00e7al\u0131\u015fmalar\u0131n devam etti\u011fini belirtti.<\/p>\n<p style=\"text-align: justify;\">Toplant\u0131ya her iki taraftan da \u00e7ok say\u0131da ilgili y\u00f6netici kat\u0131ld\u0131.<\/p>\n","protected":false},"excerpt":{"rendered":"<p>\u015eAM &#8211; Sa\u011fl\u0131k Bakan\u0131 Dr. Hasan Muhammed Al Gabba\u015f, heyetin ba\u015fkan\u0131, D\u00fcnya Sa\u011fl\u0131k \u00d6rg\u00fct\u00fc&#8217;n\u00fcn Suriye temsilcisi, \u00d6rg\u00fct\u00fcn B\u00f6lge Ofisi Programlar Direkt\u00f6r\u00fc Dr. Akcemal Mahtumova ve B\u00f6lge Direkt\u00f6r Yard\u0131mc\u0131s\u0131 Dr. Rena Al Hacca ile, Suriye halk\u0131na uygulanan abluka\u0131\u015f\u0131\u011f\u0131nda ba\u015fta COVID-19 salg\u0131n\u0131 olmak \u00fczere sa\u011fl\u0131k sekt\u00f6r\u00fcn\u00fcn kar\u015f\u0131la\u015ft\u0131\u011f\u0131 zorluklar\u0131 ele ald\u0131. G\u00f6r\u00fc\u015fmede, vatanda\u015flara t\u0131bbi hizmet sa\u011flayan t\u0131bbi ekipman\u0131n &hellip;<\/p>\n","protected":false},"author":1,"featured_media":254753,"comment_status":"closed","ping_status":"closed","sticky":false,"template":"","format":"standard","meta":{"footnotes":""},"categories":[526,479,17988,525,478],"tags":[],"class_list":["post-254752","post","type-post","status-publish","format-standard","has-post-thumbnail","","category-haber-ve-raporlar","category-haberler-yerel","category-son-haberler","category-toplum","category-yerel"],"_links":{"self":[{"href":"https:\/\/archive.sana.sy\/tr\/index.php?rest_route=\/wp\/v2\/posts\/254752","targetHints":{"allow":["GET"]}}],"collection":[{"href":"https:\/\/archive.sana.sy\/tr\/index.php?rest_route=\/wp\/v2\/posts"}],"about":[{"href":"https:\/\/archive.sana.sy\/tr\/index.php?rest_route=\/wp\/v2\/types\/post"}],"author":[{"embeddable":true,"href":"https:\/\/archive.sana.sy\/tr\/index.php?rest_route=\/wp\/v2\/users\/1"}],"replies":[{"embeddable":true,"href":"https:\/\/archive.sana.sy\/tr\/index.php?rest_route=%2Fwp%2Fv2%2Fcomments&post=254752"}],"version-history":[{"count":0,"href":"https:\/\/archive.sana.sy\/tr\/index.php?rest_route=\/wp\/v2\/posts\/254752\/revisions"}],"wp:featuredmedia":[{"embeddable":true,"href":"https:\/\/archive.sana.sy\/tr\/index.php?rest_route=\/wp\/v2\/media\/254753"}],"wp:attachment":[{"href":"https:\/\/archive.sana.sy\/tr\/index.php?rest_route=%2Fwp%2Fv2%2Fmedia&parent=254752"}],"wp:term":[{"taxonomy":"category","embeddable":true,"href":"https:\/\/archive.sana.sy\/tr\/index.php?rest_route=%2Fwp%2Fv2%2Fcategories&post=254752"},{"taxonomy":"post_tag","embeddable":true,"href":"https:\/\/archive.sana.sy\/tr\/index.php?rest_route=%2Fwp%2Fv2%2Ftags&post=254752"}],"curies":[{"name":"wp","href":"https:\/\/api.w.org\/{rel}","templated":true}]}}