{"id":254774,"date":"2022-05-12T08:48:59","date_gmt":"2022-05-12T05:48:59","guid":{"rendered":"http:\/\/107.6.182.27\/tr\/?p=254774"},"modified":"2022-10-16T10:24:42","modified_gmt":"2022-10-16T07:24:42","slug":"sehitlerin-anisina-cumhurbaskani-esad-ve-sayin-esma-esad-samdaki-ulusal-muzede-bir-kutlamaya-katildi","status":"publish","type":"post","link":"https:\/\/archive.sana.sy\/tr\/?p=254774","title":{"rendered":"\u015eehitlerin An\u0131s\u0131na.. Cumhurba\u015fkan\u0131 Esad ve Say\u0131n Esma Esad, \u015eam&#8217;daki Ulusal M\u00fcze&#8217;de Bir Kutlamaya Kat\u0131ld\u0131"},"content":{"rendered":"<p>\u015eAM \u2013 Cumhurba\u015fkan\u0131 Be\u015f\u015far Esad ve Esma Esad&#8217;\u0131n kat\u0131l\u0131m\u0131yla \u015eam&#8217;daki Ulusal M\u00fcze, \u015eehitler G\u00fcn\u00fc&#8217;n\u00fcn 106. Y\u0131ld\u00f6n\u00fcm\u00fcn\u00fc kutlamak i\u00e7in bir etkinli\u011fe tan\u0131k oldu.<\/p>\n<p><img loading=\"lazy\" decoding=\"async\" class=\"size-medium wp-image-254784 alignright\" src=\"http:\/\/107.6.182.27\/tr\/wp-content\/uploads\/2022\/05\/1-15-300x200.jpg\" alt=\"\" width=\"300\" height=\"200\" srcset=\"https:\/\/archive.sana.sy\/tr\/wp-content\/uploads\/2022\/05\/1-15-300x200.jpg 300w, https:\/\/archive.sana.sy\/tr\/wp-content\/uploads\/2022\/05\/1-15-150x100.jpg 150w, https:\/\/archive.sana.sy\/tr\/wp-content\/uploads\/2022\/05\/1-15.jpg 660w\" sizes=\"auto, (max-width: 300px) 100vw, 300px\" \/>Savunma ve K\u00fclt\u00fcr Bakanl\u0131klar\u0131 taraf\u0131ndan d\u00fczenlenen kutlamaya \u00e7ok say\u0131da \u015fehit aileleri ve onlar\u0131n se\u00e7kin o\u011fullar\u0131, ordu ve silahl\u0131 kuvvetlerin temsilcileri, liyakat madalyalar\u0131 sahipleri, valiliklerdeki \u015fehitlik m\u00fcd\u00fcrleri, diplomatik te\u015fkilat mensuplar\u0131, k\u00fclt\u00fcr ve sanat insanlar\u0131, sivil inisiyatif sahipleri ve d\u0131\u015f medyan\u0131n temsilcileri kat\u0131ld\u0131.<\/p>\n<p>T\u00f6rene, t\u00f6rende konu\u015fma yapan Savunma Bakan\u0131 ile K\u00fclt\u00fcr, Cumhurba\u015fkanl\u0131\u011f\u0131 ve \u0130\u00e7i\u015fleri Bakanlar\u0131 da kat\u0131ld\u0131.<\/p>\n<p><span style=\"color: #0000ff;\">#Telegram_Kanal\u0131m\u0131z: https:\/\/t.me\/SuriyeArapHaberAjans<\/span><\/p>\n<div id='gallery-1' class='gallery galleryid-254774 gallery-columns-1 gallery-size-full'><figure class='gallery-item'>\n\t\t\t<div class='gallery-icon landscape'>\n\t\t\t\t<a href='https:\/\/archive.sana.sy\/tr\/wp-content\/uploads\/2022\/05\/\u0627\u0644\u0634\u0647\u062f\u0627\u0621-36.jpg'><img loading=\"lazy\" decoding=\"async\" width=\"660\" height=\"440\" src=\"https:\/\/archive.sana.sy\/tr\/wp-content\/uploads\/2022\/05\/\u0627\u0644\u0634\u0647\u062f\u0627\u0621-36.jpg\" class=\"attachment-full size-full\" alt=\"\" srcset=\"https:\/\/archive.sana.sy\/tr\/wp-content\/uploads\/2022\/05\/\u0627\u0644\u0634\u0647\u062f\u0627\u0621-36.jpg 660w, https:\/\/archive.sana.sy\/tr\/wp-content\/uploads\/2022\/05\/\u0627\u0644\u0634\u0647\u062f\u0627\u0621-36-300x200.jpg 300w, https:\/\/archive.sana.sy\/tr\/wp-content\/uploads\/2022\/05\/\u0627\u0644\u0634\u0647\u062f\u0627\u0621-36-150x100.jpg 150w\" sizes=\"auto, (max-width: 660px) 100vw, 660px\" \/><\/a>\n\t\t\t<\/div><\/figure><figure class='gallery-item'>\n\t\t\t<div class='gallery-icon landscape'>\n\t\t\t\t<a href='https:\/\/archive.sana.sy\/tr\/wp-content\/uploads\/2022\/05\/\u0634\u0647\u062f\u0627\u0621.jpg'><img loading=\"lazy\" decoding=\"async\" width=\"660\" height=\"463\" src=\"https:\/\/archive.sana.sy\/tr\/wp-content\/uploads\/2022\/05\/\u0634\u0647\u062f\u0627\u0621.jpg\" class=\"attachment-full size-full\" alt=\"\" srcset=\"https:\/\/archive.sana.sy\/tr\/wp-content\/uploads\/2022\/05\/\u0634\u0647\u062f\u0627\u0621.jpg 660w, https:\/\/archive.sana.sy\/tr\/wp-content\/uploads\/2022\/05\/\u0634\u0647\u062f\u0627\u0621-300x210.jpg 300w, https:\/\/archive.sana.sy\/tr\/wp-content\/uploads\/2022\/05\/\u0634\u0647\u062f\u0627\u0621-150x105.jpg 150w\" sizes=\"auto, (max-width: 660px) 100vw, 660px\" \/><\/a>\n\t\t\t<\/div><\/figure><figure class='gallery-item'>\n\t\t\t<div class='gallery-icon landscape'>\n\t\t\t\t<a href='https:\/\/archive.sana.sy\/tr\/wp-content\/uploads\/2022\/05\/\u0634\u0647\u062f\u0627\u0621-4.jpg'><img loading=\"lazy\" decoding=\"async\" width=\"660\" height=\"440\" src=\"https:\/\/archive.sana.sy\/tr\/wp-content\/uploads\/2022\/05\/\u0634\u0647\u062f\u0627\u0621-4.jpg\" class=\"attachment-full size-full\" alt=\"\" srcset=\"https:\/\/archive.sana.sy\/tr\/wp-content\/uploads\/2022\/05\/\u0634\u0647\u062f\u0627\u0621-4.jpg 660w, https:\/\/archive.sana.sy\/tr\/wp-content\/uploads\/2022\/05\/\u0634\u0647\u062f\u0627\u0621-4-300x200.jpg 300w, https:\/\/archive.sana.sy\/tr\/wp-content\/uploads\/2022\/05\/\u0634\u0647\u062f\u0627\u0621-4-150x100.jpg 150w\" sizes=\"auto, (max-width: 660px) 100vw, 660px\" \/><\/a>\n\t\t\t<\/div><\/figure><figure class='gallery-item'>\n\t\t\t<div class='gallery-icon portrait'>\n\t\t\t\t<a href='https:\/\/archive.sana.sy\/tr\/wp-content\/uploads\/2022\/05\/\u0634\u0647\u062f\u0627\u0621-5.jpg'><img loading=\"lazy\" decoding=\"async\" width=\"660\" height=\"765\" src=\"https:\/\/archive.sana.sy\/tr\/wp-content\/uploads\/2022\/05\/\u0634\u0647\u062f\u0627\u0621-5.jpg\" class=\"attachment-full size-full\" alt=\"\" srcset=\"https:\/\/archive.sana.sy\/tr\/wp-content\/uploads\/2022\/05\/\u0634\u0647\u062f\u0627\u0621-5.jpg 660w, https:\/\/archive.sana.sy\/tr\/wp-content\/uploads\/2022\/05\/\u0634\u0647\u062f\u0627\u0621-5-259x300.jpg 259w, https:\/\/archive.sana.sy\/tr\/wp-content\/uploads\/2022\/05\/\u0634\u0647\u062f\u0627\u0621-5-129x150.jpg 129w\" sizes=\"auto, (max-width: 660px) 100vw, 660px\" \/><\/a>\n\t\t\t<\/div><\/figure><figure class='gallery-item'>\n\t\t\t<div class='gallery-icon landscape'>\n\t\t\t\t<a href='https:\/\/archive.sana.sy\/tr\/wp-content\/uploads\/2022\/05\/\u0634\u0647\u062f\u0627\u0621-6.jpg'><img loading=\"lazy\" decoding=\"async\" width=\"660\" height=\"440\" src=\"https:\/\/archive.sana.sy\/tr\/wp-content\/uploads\/2022\/05\/\u0634\u0647\u062f\u0627\u0621-6.jpg\" class=\"attachment-full size-full\" alt=\"\" srcset=\"https:\/\/archive.sana.sy\/tr\/wp-content\/uploads\/2022\/05\/\u0634\u0647\u062f\u0627\u0621-6.jpg 660w, https:\/\/archive.sana.sy\/tr\/wp-content\/uploads\/2022\/05\/\u0634\u0647\u062f\u0627\u0621-6-300x200.jpg 300w, https:\/\/archive.sana.sy\/tr\/wp-content\/uploads\/2022\/05\/\u0634\u0647\u062f\u0627\u0621-6-150x100.jpg 150w\" sizes=\"auto, (max-width: 660px) 100vw, 660px\" \/><\/a>\n\t\t\t<\/div><\/figure><figure class='gallery-item'>\n\t\t\t<div class='gallery-icon landscape'>\n\t\t\t\t<a href='https:\/\/archive.sana.sy\/tr\/wp-content\/uploads\/2022\/05\/\u0634\u0647\u062f\u0627\u0621-7.jpg'><img loading=\"lazy\" decoding=\"async\" width=\"660\" height=\"440\" src=\"https:\/\/archive.sana.sy\/tr\/wp-content\/uploads\/2022\/05\/\u0634\u0647\u062f\u0627\u0621-7.jpg\" class=\"attachment-full size-full\" alt=\"\" srcset=\"https:\/\/archive.sana.sy\/tr\/wp-content\/uploads\/2022\/05\/\u0634\u0647\u062f\u0627\u0621-7.jpg 660w, https:\/\/archive.sana.sy\/tr\/wp-content\/uploads\/2022\/05\/\u0634\u0647\u062f\u0627\u0621-7-300x200.jpg 300w, https:\/\/archive.sana.sy\/tr\/wp-content\/uploads\/2022\/05\/\u0634\u0647\u062f\u0627\u0621-7-150x100.jpg 150w\" sizes=\"auto, (max-width: 660px) 100vw, 660px\" \/><\/a>\n\t\t\t<\/div><\/figure><figure class='gallery-item'>\n\t\t\t<div class='gallery-icon landscape'>\n\t\t\t\t<a href='https:\/\/archive.sana.sy\/tr\/wp-content\/uploads\/2022\/05\/\u0634\u0647\u062f\u0627\u0621-8.jpg'><img loading=\"lazy\" decoding=\"async\" width=\"660\" height=\"508\" src=\"https:\/\/archive.sana.sy\/tr\/wp-content\/uploads\/2022\/05\/\u0634\u0647\u062f\u0627\u0621-8.jpg\" class=\"attachment-full size-full\" alt=\"\" srcset=\"https:\/\/archive.sana.sy\/tr\/wp-content\/uploads\/2022\/05\/\u0634\u0647\u062f\u0627\u0621-8.jpg 660w, https:\/\/archive.sana.sy\/tr\/wp-content\/uploads\/2022\/05\/\u0634\u0647\u062f\u0627\u0621-8-300x231.jpg 300w, https:\/\/archive.sana.sy\/tr\/wp-content\/uploads\/2022\/05\/\u0634\u0647\u062f\u0627\u0621-8-150x115.jpg 150w\" sizes=\"auto, (max-width: 660px) 100vw, 660px\" \/><\/a>\n\t\t\t<\/div><\/figure><figure class='gallery-item'>\n\t\t\t<div class='gallery-icon landscape'>\n\t\t\t\t<a href='https:\/\/archive.sana.sy\/tr\/wp-content\/uploads\/2022\/05\/\u0634\u0647\u062f\u0627\u0621-9.jpg'><img loading=\"lazy\" decoding=\"async\" width=\"660\" height=\"440\" src=\"https:\/\/archive.sana.sy\/tr\/wp-content\/uploads\/2022\/05\/\u0634\u0647\u062f\u0627\u0621-9.jpg\" class=\"attachment-full size-full\" alt=\"\" srcset=\"https:\/\/archive.sana.sy\/tr\/wp-content\/uploads\/2022\/05\/\u0634\u0647\u062f\u0627\u0621-9.jpg 660w, https:\/\/archive.sana.sy\/tr\/wp-content\/uploads\/2022\/05\/\u0634\u0647\u062f\u0627\u0621-9-300x200.jpg 300w, https:\/\/archive.sana.sy\/tr\/wp-content\/uploads\/2022\/05\/\u0634\u0647\u062f\u0627\u0621-9-150x100.jpg 150w\" sizes=\"auto, (max-width: 660px) 100vw, 660px\" \/><\/a>\n\t\t\t<\/div><\/figure>\n\t\t<\/div>\n\n","protected":false},"excerpt":{"rendered":"<p>\u015eAM \u2013 Cumhurba\u015fkan\u0131 Be\u015f\u015far Esad ve Esma Esad&#8217;\u0131n kat\u0131l\u0131m\u0131yla \u015eam&#8217;daki Ulusal M\u00fcze, \u015eehitler G\u00fcn\u00fc&#8217;n\u00fcn 106. Y\u0131ld\u00f6n\u00fcm\u00fcn\u00fc kutlamak i\u00e7in bir etkinli\u011fe tan\u0131k oldu. Savunma ve K\u00fclt\u00fcr Bakanl\u0131klar\u0131 taraf\u0131ndan d\u00fczenlenen kutlamaya \u00e7ok say\u0131da \u015fehit aileleri ve onlar\u0131n se\u00e7kin o\u011fullar\u0131, ordu ve silahl\u0131 kuvvetlerin temsilcileri, liyakat madalyalar\u0131 sahipleri, valiliklerdeki \u015fehitlik m\u00fcd\u00fcrleri, diplomatik te\u015fkilat mensuplar\u0131, k\u00fclt\u00fcr ve sanat insanlar\u0131, &hellip;<\/p>\n","protected":false},"author":36,"featured_media":254783,"comment_status":"closed","ping_status":"closed","sticky":false,"template":"","format":"standard","meta":{"footnotes":""},"categories":[596,6459,605,17988],"tags":[],"class_list":["post-254774","post","type-post","status-publish","format-standard","has-post-thumbnail","","category-fotografli-raporlar","category-sana-fotolarl","category-sayin-cumhurbaskani","category-son-haberler"],"_links":{"self":[{"href":"https:\/\/archive.sana.sy\/tr\/index.php?rest_route=\/wp\/v2\/posts\/254774","targetHints":{"allow":["GET"]}}],"collection":[{"href":"https:\/\/archive.sana.sy\/tr\/index.php?rest_route=\/wp\/v2\/posts"}],"about":[{"href":"https:\/\/archive.sana.sy\/tr\/index.php?rest_route=\/wp\/v2\/types\/post"}],"author":[{"embeddable":true,"href":"https:\/\/archive.sana.sy\/tr\/index.php?rest_route=\/wp\/v2\/users\/36"}],"replies":[{"embeddable":true,"href":"https:\/\/archive.sana.sy\/tr\/index.php?rest_route=%2Fwp%2Fv2%2Fcomments&post=254774"}],"version-history":[{"count":0,"href":"https:\/\/archive.sana.sy\/tr\/index.php?rest_route=\/wp\/v2\/posts\/254774\/revisions"}],"wp:featuredmedia":[{"embeddable":true,"href":"https:\/\/archive.sana.sy\/tr\/index.php?rest_route=\/wp\/v2\/media\/254783"}],"wp:attachment":[{"href":"https:\/\/archive.sana.sy\/tr\/index.php?rest_route=%2Fwp%2Fv2%2Fmedia&parent=254774"}],"wp:term":[{"taxonomy":"category","embeddable":true,"href":"https:\/\/archive.sana.sy\/tr\/index.php?rest_route=%2Fwp%2Fv2%2Fcategories&post=254774"},{"taxonomy":"post_tag","embeddable":true,"href":"https:\/\/archive.sana.sy\/tr\/index.php?rest_route=%2Fwp%2Fv2%2Ftags&post=254774"}],"curies":[{"name":"wp","href":"https:\/\/api.w.org\/{rel}","templated":true}]}}