{"id":254849,"date":"2022-05-13T16:02:13","date_gmt":"2022-05-13T13:02:13","guid":{"rendered":"http:\/\/107.6.182.27\/tr\/?p=254849"},"modified":"2022-05-14T08:14:58","modified_gmt":"2022-05-14T05:14:58","slug":"suriye-judo-milli-takimi-uluslararasi-baris-turnuvasinda-ucuncu-oldu","status":"publish","type":"post","link":"https:\/\/archive.sana.sy\/tr\/?p=254849","title":{"rendered":"Suriye Judo Milli Tak\u0131m\u0131 Uluslararas\u0131 Bar\u0131\u015f Turnuvas\u0131&#8217;nda \u00dc\u00e7\u00fcnc\u00fc Oldu"},"content":{"rendered":"<p>BA\u011eDAT &#8211; Suriye judo milli tak\u0131m\u0131 bug\u00fcn Irak&#8217;\u0131n ba\u015fkenti Ba\u011fdat&#8217;ta sona eren Uluslararas\u0131 Bar\u0131\u015f \u015eampiyonas\u0131&#8217;nda tak\u0131mlar yar\u0131\u015fmas\u0131nda \u00fc\u00e7\u00fcnc\u00fcl\u00fck ve bronz madalya elde etti.<\/p>\n<p>Turnuvada tak\u0131mlar\u0131n bronzu yan\u0131 s\u0131ra tak\u0131m\u0131m\u0131z bireysel m\u00fcsabakalarda S\u00fcleyman Al Rifai, Mu&#8217;min Mahfud, Muhammad Kas\u0131m ve Muhammad Ghassan Hayba ile d\u00f6rt bronz madalya kazand\u0131.<\/p>\n<p>Tak\u0131mlar \u015fampiyonas\u0131nda birincili\u011fi \u0130ran tak\u0131m\u0131, ard\u0131ndan Irak tak\u0131m\u0131, bizim tak\u0131m\u0131m\u0131z \u00fc\u00e7\u00fcnc\u00fc, \u00dcrd\u00fcn tak\u0131m\u0131 da d\u00f6rd\u00fcnc\u00fcl\u00fc\u011f\u00fc elde ederken, ard\u0131ndan Tunus ve Fas geldi.<\/p>\n<p>Ekibimiz, \u00f6n\u00fcm\u00fczdeki Haziran ay\u0131 sonunda Cezayir&#8217;in Oran kentinde yap\u0131lmas\u0131 planlanan Akdeniz Oyunlar\u0131&#8217;na haz\u0131rl\u0131k amac\u0131yla \u015fu anda Irak&#8217;ta bulunan uzun e\u011fitim kamp\u0131 kapsam\u0131nda Uluslararas\u0131 Bar\u0131\u015f \u015eampiyonas\u0131&#8217;na kat\u0131ld\u0131.<\/p>\n","protected":false},"excerpt":{"rendered":"<p>BA\u011eDAT &#8211; Suriye judo milli tak\u0131m\u0131 bug\u00fcn Irak&#8217;\u0131n ba\u015fkenti Ba\u011fdat&#8217;ta sona eren Uluslararas\u0131 Bar\u0131\u015f \u015eampiyonas\u0131&#8217;nda tak\u0131mlar yar\u0131\u015fmas\u0131nda \u00fc\u00e7\u00fcnc\u00fcl\u00fck ve bronz madalya elde etti. Turnuvada tak\u0131mlar\u0131n bronzu yan\u0131 s\u0131ra tak\u0131m\u0131m\u0131z bireysel m\u00fcsabakalarda S\u00fcleyman Al Rifai, Mu&#8217;min Mahfud, Muhammad Kas\u0131m ve Muhammad Ghassan Hayba ile d\u00f6rt bronz madalya kazand\u0131. Tak\u0131mlar \u015fampiyonas\u0131nda birincili\u011fi \u0130ran tak\u0131m\u0131, ard\u0131ndan Irak tak\u0131m\u0131, &hellip;<\/p>\n","protected":false},"author":1,"featured_media":254850,"comment_status":"closed","ping_status":"closed","sticky":false,"template":"","format":"standard","meta":{"footnotes":""},"categories":[17988,496],"tags":[],"class_list":["post-254849","post","type-post","status-publish","format-standard","has-post-thumbnail","","category-son-haberler","category-spor"],"_links":{"self":[{"href":"https:\/\/archive.sana.sy\/tr\/index.php?rest_route=\/wp\/v2\/posts\/254849","targetHints":{"allow":["GET"]}}],"collection":[{"href":"https:\/\/archive.sana.sy\/tr\/index.php?rest_route=\/wp\/v2\/posts"}],"about":[{"href":"https:\/\/archive.sana.sy\/tr\/index.php?rest_route=\/wp\/v2\/types\/post"}],"author":[{"embeddable":true,"href":"https:\/\/archive.sana.sy\/tr\/index.php?rest_route=\/wp\/v2\/users\/1"}],"replies":[{"embeddable":true,"href":"https:\/\/archive.sana.sy\/tr\/index.php?rest_route=%2Fwp%2Fv2%2Fcomments&post=254849"}],"version-history":[{"count":0,"href":"https:\/\/archive.sana.sy\/tr\/index.php?rest_route=\/wp\/v2\/posts\/254849\/revisions"}],"wp:featuredmedia":[{"embeddable":true,"href":"https:\/\/archive.sana.sy\/tr\/index.php?rest_route=\/wp\/v2\/media\/254850"}],"wp:attachment":[{"href":"https:\/\/archive.sana.sy\/tr\/index.php?rest_route=%2Fwp%2Fv2%2Fmedia&parent=254849"}],"wp:term":[{"taxonomy":"category","embeddable":true,"href":"https:\/\/archive.sana.sy\/tr\/index.php?rest_route=%2Fwp%2Fv2%2Fcategories&post=254849"},{"taxonomy":"post_tag","embeddable":true,"href":"https:\/\/archive.sana.sy\/tr\/index.php?rest_route=%2Fwp%2Fv2%2Ftags&post=254849"}],"curies":[{"name":"wp","href":"https:\/\/api.w.org\/{rel}","templated":true}]}}