{"id":254852,"date":"2022-05-13T16:19:58","date_gmt":"2022-05-13T13:19:58","guid":{"rendered":"http:\/\/107.6.182.27\/tr\/?p=254852"},"modified":"2022-05-14T09:08:33","modified_gmt":"2022-05-14T06:08:33","slug":"al-kafr-beldesindeki-arkeolojik-mekanlar-cebel-el-arabin-kulturel-mirasini-yansitiyor","status":"publish","type":"post","link":"https:\/\/archive.sana.sy\/tr\/?p=254852","title":{"rendered":"Al Kafr Beldesindeki Arkeolojik Mekanlar Cebel El Arab&#8217;\u0131n K\u00fclt\u00fcrel Miras\u0131n\u0131 Yans\u0131t\u0131yor"},"content":{"rendered":"<p style=\"text-align: justify;\">S\u00dcVEYDA &#8211; S\u00fcveyda&#8217;n\u0131n g\u00fcney k\u0131rsal\u0131ndaki Al Kafr beldesinde bulunan bir\u00e7ok arkeolojik simge, Cebel Al Arab&#8217;\u0131n k\u00fclt\u00fcrel miras\u0131n\u0131 yans\u0131tmakta, Beldenin en me\u015fhur tepesi olan El Kuleyb tepesiyle 4 tepe aras\u0131ndaki konumu itibariyle kendine \u00f6zg\u00fc bir do\u011fa ile i\u00e7 i\u00e7e ge\u00e7mi\u015f bir antik tarihin ve medeniyetin bir kan\u0131t\u0131d\u0131r.<\/p>\n<p style=\"text-align: justify;\">Al Kafr beldesi, arkeoloji alan\u0131ndaki ara\u015ft\u0131rmac\u0131 Dr. Ne\u015fet Kivan&#8217;a g\u00f6re, erken H\u0131ristiyan kaynaklar\u0131nda &#8220;Kabra&#8221; adl\u0131 eski bir k\u00f6y\u00fcn yeri olarak belirtildi\u011fi gibi, farkl\u0131 bir do\u011fal ve arkeolojik ortamda yer almaktad\u0131r.<\/p>\n<p style=\"text-align: justify;\">Kivan SANA muhabirine yapt\u0131\u011f\u0131 a\u00e7\u0131klamada, Al Kafr beldesinin kal\u0131nt\u0131lar\u0131 aras\u0131nda, Nabatiye, Roma ve Bizans d\u00f6nemlerine ait bir grup dini ve sivil yap\u0131n\u0131n yan\u0131 s\u0131ra, s\u00fctunlarla s\u00fcsl\u00fc antik evlerin ve binalar\u0131n \u00fczerinde mimari bezemelerin yer ald\u0131\u011f\u0131 s\u00fctun ba\u015fl\u0131klar\u0131n\u0131n yer ald\u0131\u011f\u0131n\u0131, ayr\u0131ca St. George ad\u0131na en eskisi 391, ikincisi 652 y\u0131l\u0131na kadar uzanan iki kilisenin varl\u0131\u011f\u0131na i\u015faret etti.<\/p>\n<p style=\"text-align: justify;\">Kivan&#8217;a g\u00f6re, Al Kafr&#8217;daki eski beldede, tarihi binalar\u0131 ve su kaynaklar\u0131yla bilindi\u011fini, ayr\u0131ca 1920&#8217;lerde, eski eserleri korumak i\u00e7in bir depoyu da i\u00e7erdi\u011fini, bunlar\u0131n bir k\u0131sm\u0131n\u0131n daha sonra S\u00fcveyda M\u00fczesi yan\u0131 s\u0131ra \u015eam Ulusal M\u00fczesi&#8217;ne konuldu\u011funu a\u00e7\u0131klad\u0131.<\/p>\n<p style=\"text-align: justify;\">Kivan&#8217;\u0131n a\u00e7\u0131klad\u0131\u011f\u0131 gibi Al Kafr&#8217;\u0131n belirleyici \u00f6zelliklerinden, onun yan\u0131nda tanr\u0131 Zeus&#8217;a adanm\u0131\u015f bir Roma tap\u0131na\u011f\u0131n\u0131n bulundu\u011fu Tell Kalib&#8217;in yan\u0131nda yer almas\u0131, beldenin yan\u0131ndan, Busra&#8217;dan Habran \u00fczerinden antik bir g\u00f6zetleme noktas\u0131 i\u00e7eren bu tepeye uzanan antik bir Roma yolunun da ge\u00e7mesi oldu\u011funu, buna ek olarak Mimari birimleri Bak\u0131r ve Tun\u00e7 \u00c7a\u011flar\u0131na kadar uzanan Tell Zahir olan beldenin arazileri i\u00e7inde yer alan \u00f6nemli bir arkeolojik alana yak\u0131nl\u0131\u011f\u0131 oldu\u011funa i\u015faret etti.<\/p>\n<p style=\"text-align: justify;\">Kivan, Suriye Eski Eserler Kurumu taraf\u0131ndan 925 y\u0131l\u0131nda k\u00f6y\u00fcn kuzeyindeki bir alanda ger\u00e7ekle\u015ftirilen acil kaz\u0131larda, en b\u00fcy\u00fc\u011f\u00fc bir sandalyede oturan ve her iki eliyle a\u00e7\u0131k bir kitap tutan yaz\u0131c\u0131lar\u0131 temsil eden 3 adet bazalt mezar tipi oturan adam heykelinin bulundu\u011funa, \u00a0G\u00fcney Suriye&#8217;nin arkeolojik miras\u0131n\u0131n bir par\u00e7as\u0131 olarak \u015eam&#8217;daki Ulusal M\u00fcze&#8217;de yer ald\u0131\u011f\u0131n\u0131 ve bunun, Roma d\u00f6neminde yaz\u0131c\u0131lar s\u0131n\u0131f\u0131n\u0131n sahip oldu\u011fu prestijli konumun bir resmini sundu\u011funa dikkat \u00e7ekti.<\/p>\n<p style=\"text-align: justify;\">Al Kafr Beldesi, S\u00fcveyda ilinin merkezine yakla\u015f\u0131k 12 km uzakl\u0131kta olup deniz seviyesinden 1.300 metreden fazla y\u00fcksekliktedir, bu da onu en \u00f6nemlisi asma olan \u00e7e\u015fitli a\u011fa\u00e7lar\u0131n dikilmesine uygun hale getirmektedir. Ayr\u0131ca Musa ve Al Alika gibi su kaynaklar\u0131 da i\u00e7ermektedir.<\/p>\n<p style=\"text-align: justify;\">\n","protected":false},"excerpt":{"rendered":"<p>S\u00dcVEYDA &#8211; S\u00fcveyda&#8217;n\u0131n g\u00fcney k\u0131rsal\u0131ndaki Al Kafr beldesinde bulunan bir\u00e7ok arkeolojik simge, Cebel Al Arab&#8217;\u0131n k\u00fclt\u00fcrel miras\u0131n\u0131 yans\u0131tmakta, Beldenin en me\u015fhur tepesi olan El Kuleyb tepesiyle 4 tepe aras\u0131ndaki konumu itibariyle kendine \u00f6zg\u00fc bir do\u011fa ile i\u00e7 i\u00e7e ge\u00e7mi\u015f bir antik tarihin ve medeniyetin bir kan\u0131t\u0131d\u0131r. Al Kafr beldesi, arkeoloji alan\u0131ndaki ara\u015ft\u0131rmac\u0131 Dr. Ne\u015fet Kivan&#8217;a &hellip;<\/p>\n","protected":false},"author":1,"featured_media":254853,"comment_status":"closed","ping_status":"closed","sticky":false,"template":"","format":"standard","meta":{"footnotes":""},"categories":[516,479,511,17988,478],"tags":[],"class_list":["post-254852","post","type-post","status-publish","format-standard","has-post-thumbnail","","category-haberler-kultur-ve-sanat","category-haberler-yerel","category-kultur-ve-sanat","category-son-haberler","category-yerel"],"_links":{"self":[{"href":"https:\/\/archive.sana.sy\/tr\/index.php?rest_route=\/wp\/v2\/posts\/254852","targetHints":{"allow":["GET"]}}],"collection":[{"href":"https:\/\/archive.sana.sy\/tr\/index.php?rest_route=\/wp\/v2\/posts"}],"about":[{"href":"https:\/\/archive.sana.sy\/tr\/index.php?rest_route=\/wp\/v2\/types\/post"}],"author":[{"embeddable":true,"href":"https:\/\/archive.sana.sy\/tr\/index.php?rest_route=\/wp\/v2\/users\/1"}],"replies":[{"embeddable":true,"href":"https:\/\/archive.sana.sy\/tr\/index.php?rest_route=%2Fwp%2Fv2%2Fcomments&post=254852"}],"version-history":[{"count":0,"href":"https:\/\/archive.sana.sy\/tr\/index.php?rest_route=\/wp\/v2\/posts\/254852\/revisions"}],"wp:featuredmedia":[{"embeddable":true,"href":"https:\/\/archive.sana.sy\/tr\/index.php?rest_route=\/wp\/v2\/media\/254853"}],"wp:attachment":[{"href":"https:\/\/archive.sana.sy\/tr\/index.php?rest_route=%2Fwp%2Fv2%2Fmedia&parent=254852"}],"wp:term":[{"taxonomy":"category","embeddable":true,"href":"https:\/\/archive.sana.sy\/tr\/index.php?rest_route=%2Fwp%2Fv2%2Fcategories&post=254852"},{"taxonomy":"post_tag","embeddable":true,"href":"https:\/\/archive.sana.sy\/tr\/index.php?rest_route=%2Fwp%2Fv2%2Ftags&post=254852"}],"curies":[{"name":"wp","href":"https:\/\/api.w.org\/{rel}","templated":true}]}}