{"id":254855,"date":"2022-05-13T16:26:44","date_gmt":"2022-05-13T13:26:44","guid":{"rendered":"http:\/\/107.6.182.27\/tr\/?p=254855"},"modified":"2022-05-14T08:15:14","modified_gmt":"2022-05-14T05:15:14","slug":"lavrov-ab-dusmancil-bir-siyasi-askeri-platforma-donustu","status":"publish","type":"post","link":"https:\/\/archive.sana.sy\/tr\/?p=254855","title":{"rendered":"Lavrov: AB D\u00fc\u015fmanc\u0131l Bir Siyasi-Askeri Platforma D\u00f6n\u00fc\u015ft\u00fc"},"content":{"rendered":"<p>DU\u015eANBE &#8211; Rusya D\u0131\u015fi\u015fleri Bakan\u0131 Sergey Lavrov, Avrupa Birli\u011fi&#8217;nin ekonomik bir platformdan Avrupa s\u0131n\u0131rlar\u0131n\u0131n d\u0131\u015f\u0131na \u00e7\u0131kan d\u00fc\u015fmanc\u0131l bir siyasi-askeri platforma d\u00f6n\u00fc\u015ft\u00fc\u011f\u00fcn\u00fc belirterek, Kiev&#8217;in de buna kat\u0131lma arzusunu ima etti\u011fini g\u00f6sterdi\u011fini ifade etti.<\/p>\n<p>Ba\u011f\u0131ms\u0131z Devletler Toplulu\u011fu (BDT) d\u0131\u015fi\u015fleri bakanlar\u0131n\u0131n bug\u00fcn Avrupa s\u0131n\u0131rlar\u0131 d\u0131\u015f\u0131nda Tacikistan&#8217;\u0131n ba\u015fkenti Du\u015fanbe&#8217;de yapt\u0131klar\u0131 toplant\u0131n\u0131n ard\u0131ndan d\u00fczenledi\u011fi bas\u0131n toplant\u0131s\u0131nda Lavrov, &#8220;Rusya, Ukrayna ile Avrupa Birli\u011fi aras\u0131ndaki ili\u015fkilere m\u00fcdahale etmiyor ancak Kiev&#8217;in Birli\u011fe kat\u0131lma arzusu masum de\u011fil ve ekonomik bir platformdan d\u00fc\u015fmanca\u0131l bir siyasi-askeri platforma d\u00f6n\u00fc\u015fmesinin ard\u0131ndan bizler i\u00e7in ciddi \u015f\u00fcpheler uyand\u0131r\u0131yor&#8221; dedi.<\/p>\n<p>Ukrayna&#8217;daki krize diplomatik bir \u00e7\u00f6z\u00fcm bulunmas\u0131 olas\u0131l\u0131\u011f\u0131na ili\u015fkin olarak Lavrov, &#8220;\u015eu anda b\u00f6yle bir \u00e7\u00f6z\u00fcm olas\u0131l\u0131\u011f\u0131 yok&#8221; dedi ve, Ukrayna y\u00f6netiminin kamuoyuna yapt\u0131\u011f\u0131 a\u00e7\u0131klamalara ra\u011fmen, Rusya ile olan temaslar\u0131nda tarafs\u0131z bir stat\u00fc elde etmeyi ve herhangi bir blo\u011fa kat\u0131lmamay\u0131 kabul etti\u011fini beyan etti\u011fini kaydetti.<\/p>\n<p>Lavrov, Bat\u0131&#8217;n\u0131n ajandalar\u0131n\u0131 dayatmak i\u00e7in yapt\u0131r\u0131mlar\u0131 bir ara\u00e7 olarak kulland\u0131\u011f\u0131na ve BDT&#8217;ye \u00fclkeleri aras\u0131ndaki ili\u015fkileri istikrars\u0131zla\u015ft\u0131rmas\u0131 i\u00e7in bask\u0131 yapmaya \u00e7al\u0131\u015ft\u0131\u011f\u0131na dikkat \u00e7ekerek, Birli\u011fin d\u0131\u015fi\u015fleri bakanlar\u0131n\u0131n tek tarafl\u0131 yapt\u0131r\u0131mlar\u0131n kabul edilemez oldu\u011fu konusunda oybirli\u011fiyle hemfikir olduklar\u0131n\u0131 ve aralar\u0131nda i\u015fbirli\u011fini geli\u015ftirmeye olan ba\u011fl\u0131l\u0131klar\u0131n\u0131 a\u00e7\u0131k bir \u015fekilde teyit ettiklerini a\u00e7\u0131klad\u0131.<\/p>\n","protected":false},"excerpt":{"rendered":"<p>DU\u015eANBE &#8211; Rusya D\u0131\u015fi\u015fleri Bakan\u0131 Sergey Lavrov, Avrupa Birli\u011fi&#8217;nin ekonomik bir platformdan Avrupa s\u0131n\u0131rlar\u0131n\u0131n d\u0131\u015f\u0131na \u00e7\u0131kan d\u00fc\u015fmanc\u0131l bir siyasi-askeri platforma d\u00f6n\u00fc\u015ft\u00fc\u011f\u00fcn\u00fc belirterek, Kiev&#8217;in de buna kat\u0131lma arzusunu ima etti\u011fini g\u00f6sterdi\u011fini ifade etti. Ba\u011f\u0131ms\u0131z Devletler Toplulu\u011fu (BDT) d\u0131\u015fi\u015fleri bakanlar\u0131n\u0131n bug\u00fcn Avrupa s\u0131n\u0131rlar\u0131 d\u0131\u015f\u0131nda Tacikistan&#8217;\u0131n ba\u015fkenti Du\u015fanbe&#8217;de yapt\u0131klar\u0131 toplant\u0131n\u0131n ard\u0131ndan d\u00fczenledi\u011fi bas\u0131n toplant\u0131s\u0131nda Lavrov, &#8220;Rusya, Ukrayna ile &hellip;<\/p>\n","protected":false},"author":1,"featured_media":254856,"comment_status":"closed","ping_status":"closed","sticky":false,"template":"","format":"standard","meta":{"footnotes":""},"categories":[458,459,17988],"tags":[],"class_list":["post-254855","post","type-post","status-publish","format-standard","has-post-thumbnail","","category-dunya1","category-haberler-arap-uluslararasi-politika","category-son-haberler"],"_links":{"self":[{"href":"https:\/\/archive.sana.sy\/tr\/index.php?rest_route=\/wp\/v2\/posts\/254855","targetHints":{"allow":["GET"]}}],"collection":[{"href":"https:\/\/archive.sana.sy\/tr\/index.php?rest_route=\/wp\/v2\/posts"}],"about":[{"href":"https:\/\/archive.sana.sy\/tr\/index.php?rest_route=\/wp\/v2\/types\/post"}],"author":[{"embeddable":true,"href":"https:\/\/archive.sana.sy\/tr\/index.php?rest_route=\/wp\/v2\/users\/1"}],"replies":[{"embeddable":true,"href":"https:\/\/archive.sana.sy\/tr\/index.php?rest_route=%2Fwp%2Fv2%2Fcomments&post=254855"}],"version-history":[{"count":0,"href":"https:\/\/archive.sana.sy\/tr\/index.php?rest_route=\/wp\/v2\/posts\/254855\/revisions"}],"wp:featuredmedia":[{"embeddable":true,"href":"https:\/\/archive.sana.sy\/tr\/index.php?rest_route=\/wp\/v2\/media\/254856"}],"wp:attachment":[{"href":"https:\/\/archive.sana.sy\/tr\/index.php?rest_route=%2Fwp%2Fv2%2Fmedia&parent=254855"}],"wp:term":[{"taxonomy":"category","embeddable":true,"href":"https:\/\/archive.sana.sy\/tr\/index.php?rest_route=%2Fwp%2Fv2%2Fcategories&post=254855"},{"taxonomy":"post_tag","embeddable":true,"href":"https:\/\/archive.sana.sy\/tr\/index.php?rest_route=%2Fwp%2Fv2%2Ftags&post=254855"}],"curies":[{"name":"wp","href":"https:\/\/api.w.org\/{rel}","templated":true}]}}