{"id":254864,"date":"2022-05-13T19:19:40","date_gmt":"2022-05-13T16:19:40","guid":{"rendered":"http:\/\/107.6.182.27\/tr\/?p=254864"},"modified":"2022-05-14T09:08:11","modified_gmt":"2022-05-14T06:08:11","slug":"ahali-kamisli-kirsalinda-abd-isgal-konvoyuna-karsi-koydu","status":"publish","type":"post","link":"https:\/\/archive.sana.sy\/tr\/?p=254864","title":{"rendered":"Ahali, Kam\u0131\u015fl\u0131 K\u0131rsal\u0131nda ABD \u0130\u015fgal Konvoyuna Kar\u015f\u0131 Koydu"},"content":{"rendered":"<p style=\"text-align: justify;\">HASEKE &#8211; Kam\u0131\u015fl\u0131 kent k\u0131rsal\u0131ndaki Salihiye Harb, M\u015feyrfa ve Tel Dahab k\u00f6yleri sakinleri, Suriye Arap Ordusu kontrol noktas\u0131n\u0131n deste\u011fiyle, Amerikan i\u015fgal g\u00fc\u00e7lerine ait bir konvoyu k\u00f6ylerinden ge\u00e7meye \u00e7al\u0131\u015f\u0131rken yakalayarak b\u00f6lgeden kovdu.<\/p>\n<p style=\"text-align: justify;\">Kam\u0131\u015fl\u0131 k\u0131rsal\u0131ndan yerel kaynaklar SANA muhabirine a\u00e7\u0131klamalar\u0131nda, Amerikan i\u015fgaline ait be\u015f askeri ara\u00e7tan olu\u015fan bir konvoyun Salihiye Harb, M\u015feyrfa ve Tel Dahab k\u00f6ylerinden ge\u00e7meye \u00e7al\u0131\u015ft\u0131\u011f\u0131n\u0131 ancak ahalinin Suriye kontrol noktas\u0131ndaki askerlerinin de deste\u011fiyle k\u00f6ylerinden ge\u00e7melerine izin vermediklerini ve onlar\u0131 b\u00f6lgeden kovduklar\u0131n\u0131 s\u00f6yledi.<\/p>\n","protected":false},"excerpt":{"rendered":"<p>HASEKE &#8211; Kam\u0131\u015fl\u0131 kent k\u0131rsal\u0131ndaki Salihiye Harb, M\u015feyrfa ve Tel Dahab k\u00f6yleri sakinleri, Suriye Arap Ordusu kontrol noktas\u0131n\u0131n deste\u011fiyle, Amerikan i\u015fgal g\u00fc\u00e7lerine ait bir konvoyu k\u00f6ylerinden ge\u00e7meye \u00e7al\u0131\u015f\u0131rken yakalayarak b\u00f6lgeden kovdu. Kam\u0131\u015fl\u0131 k\u0131rsal\u0131ndan yerel kaynaklar SANA muhabirine a\u00e7\u0131klamalar\u0131nda, Amerikan i\u015fgaline ait be\u015f askeri ara\u00e7tan olu\u015fan bir konvoyun Salihiye Harb, M\u015feyrfa ve Tel Dahab k\u00f6ylerinden ge\u00e7meye &hellip;<\/p>\n","protected":false},"author":1,"featured_media":254865,"comment_status":"closed","ping_status":"closed","sticky":false,"template":"","format":"standard","meta":{"footnotes":""},"categories":[479,575,17988,478],"tags":[],"class_list":["post-254864","post","type-post","status-publish","format-standard","has-post-thumbnail","","category-haberler-yerel","category-olaylar-ve-gercekler","category-son-haberler","category-yerel"],"_links":{"self":[{"href":"https:\/\/archive.sana.sy\/tr\/index.php?rest_route=\/wp\/v2\/posts\/254864","targetHints":{"allow":["GET"]}}],"collection":[{"href":"https:\/\/archive.sana.sy\/tr\/index.php?rest_route=\/wp\/v2\/posts"}],"about":[{"href":"https:\/\/archive.sana.sy\/tr\/index.php?rest_route=\/wp\/v2\/types\/post"}],"author":[{"embeddable":true,"href":"https:\/\/archive.sana.sy\/tr\/index.php?rest_route=\/wp\/v2\/users\/1"}],"replies":[{"embeddable":true,"href":"https:\/\/archive.sana.sy\/tr\/index.php?rest_route=%2Fwp%2Fv2%2Fcomments&post=254864"}],"version-history":[{"count":0,"href":"https:\/\/archive.sana.sy\/tr\/index.php?rest_route=\/wp\/v2\/posts\/254864\/revisions"}],"wp:featuredmedia":[{"embeddable":true,"href":"https:\/\/archive.sana.sy\/tr\/index.php?rest_route=\/wp\/v2\/media\/254865"}],"wp:attachment":[{"href":"https:\/\/archive.sana.sy\/tr\/index.php?rest_route=%2Fwp%2Fv2%2Fmedia&parent=254864"}],"wp:term":[{"taxonomy":"category","embeddable":true,"href":"https:\/\/archive.sana.sy\/tr\/index.php?rest_route=%2Fwp%2Fv2%2Fcategories&post=254864"},{"taxonomy":"post_tag","embeddable":true,"href":"https:\/\/archive.sana.sy\/tr\/index.php?rest_route=%2Fwp%2Fv2%2Ftags&post=254864"}],"curies":[{"name":"wp","href":"https:\/\/api.w.org\/{rel}","templated":true}]}}