{"id":254868,"date":"2022-05-13T19:39:04","date_gmt":"2022-05-13T16:39:04","guid":{"rendered":"http:\/\/107.6.182.27\/tr\/?p=254868"},"modified":"2022-05-14T09:08:02","modified_gmt":"2022-05-14T06:08:02","slug":"nubbul-ve-al-zahra-beldelerine-roketli-saldirida-bir-cocuk-sehit-biri-de-yarali","status":"publish","type":"post","link":"https:\/\/archive.sana.sy\/tr\/?p=254868","title":{"rendered":"Nubbul ve Al Zahra Beldelerine Roketli Sald\u0131r\u0131da Bir \u00c7ocuk \u015eehit Biri De Yaral\u0131"},"content":{"rendered":"<p style=\"text-align: justify;\">HALEP &#8211; Halep k\u0131rsal\u0131ndaki Nubbul ve Al Zahra Beldelerine d\u00fczenlenen roketli sald\u0131r\u0131da bir \u00e7ocuk \u015feh\u015ft d\u00fc\u015ft\u00fc, bir \u00e7ocuk da yaraland\u0131.<\/p>\n<p style=\"text-align: justify;\">\u0130ki beldeden yerel kaynaklar SANA muhabirine verdi\u011fi deme\u00e7te, T\u00fcrk rejiminin destekledi\u011fi ter\u00f6r \u00f6rg\u00fctlerinin bu ak\u015fam Halep&#8217;in kuzeybat\u0131 k\u0131rsal\u0131ndaki Nubbul ve el Zahra beldelerine sald\u0131rarak bir \u00e7ocu\u011fu \u015fehit d\u00fc\u015f\u00fcrd\u00fcklerini, bir \u00e7ocu\u011fu da yaralad\u0131klar\u0131n\u0131 s\u00f6yledi.<\/p>\n<p style=\"text-align: justify;\">Kaynaklar, sald\u0131r\u0131lar\u0131n \u00e7ok say\u0131da vatanda\u015f\u0131n evlerine, m\u00fclklerine ve kamu mal\u0131na da zarar verdi\u011fini belirtti.<\/p>\n","protected":false},"excerpt":{"rendered":"<p>HALEP &#8211; Halep k\u0131rsal\u0131ndaki Nubbul ve Al Zahra Beldelerine d\u00fczenlenen roketli sald\u0131r\u0131da bir \u00e7ocuk \u015feh\u015ft d\u00fc\u015ft\u00fc, bir \u00e7ocuk da yaraland\u0131. \u0130ki beldeden yerel kaynaklar SANA muhabirine verdi\u011fi deme\u00e7te, T\u00fcrk rejiminin destekledi\u011fi ter\u00f6r \u00f6rg\u00fctlerinin bu ak\u015fam Halep&#8217;in kuzeybat\u0131 k\u0131rsal\u0131ndaki Nubbul ve el Zahra beldelerine sald\u0131rarak bir \u00e7ocu\u011fu \u015fehit d\u00fc\u015f\u00fcrd\u00fcklerini, bir \u00e7ocu\u011fu da yaralad\u0131klar\u0131n\u0131 s\u00f6yledi. Kaynaklar, sald\u0131r\u0131lar\u0131n &hellip;<\/p>\n","protected":false},"author":1,"featured_media":254869,"comment_status":"closed","ping_status":"closed","sticky":false,"template":"","format":"standard","meta":{"footnotes":""},"categories":[479,17988,2555,478],"tags":[],"class_list":["post-254868","post","type-post","status-publish","format-standard","has-post-thumbnail","","category-haberler-yerel","category-son-haberler","category-suriye-ve-turkiye","category-yerel"],"_links":{"self":[{"href":"https:\/\/archive.sana.sy\/tr\/index.php?rest_route=\/wp\/v2\/posts\/254868","targetHints":{"allow":["GET"]}}],"collection":[{"href":"https:\/\/archive.sana.sy\/tr\/index.php?rest_route=\/wp\/v2\/posts"}],"about":[{"href":"https:\/\/archive.sana.sy\/tr\/index.php?rest_route=\/wp\/v2\/types\/post"}],"author":[{"embeddable":true,"href":"https:\/\/archive.sana.sy\/tr\/index.php?rest_route=\/wp\/v2\/users\/1"}],"replies":[{"embeddable":true,"href":"https:\/\/archive.sana.sy\/tr\/index.php?rest_route=%2Fwp%2Fv2%2Fcomments&post=254868"}],"version-history":[{"count":0,"href":"https:\/\/archive.sana.sy\/tr\/index.php?rest_route=\/wp\/v2\/posts\/254868\/revisions"}],"wp:featuredmedia":[{"embeddable":true,"href":"https:\/\/archive.sana.sy\/tr\/index.php?rest_route=\/wp\/v2\/media\/254869"}],"wp:attachment":[{"href":"https:\/\/archive.sana.sy\/tr\/index.php?rest_route=%2Fwp%2Fv2%2Fmedia&parent=254868"}],"wp:term":[{"taxonomy":"category","embeddable":true,"href":"https:\/\/archive.sana.sy\/tr\/index.php?rest_route=%2Fwp%2Fv2%2Fcategories&post=254868"},{"taxonomy":"post_tag","embeddable":true,"href":"https:\/\/archive.sana.sy\/tr\/index.php?rest_route=%2Fwp%2Fv2%2Ftags&post=254868"}],"curies":[{"name":"wp","href":"https:\/\/api.w.org\/{rel}","templated":true}]}}