{"id":254874,"date":"2022-05-13T20:18:43","date_gmt":"2022-05-13T17:18:43","guid":{"rendered":"http:\/\/107.6.182.27\/tr\/?p=254874"},"modified":"2022-05-14T08:16:49","modified_gmt":"2022-05-14T05:16:49","slug":"ikili-iliskileri-guclendirmek-icin-suriye-belarus-gorusmeleri","status":"publish","type":"post","link":"https:\/\/archive.sana.sy\/tr\/?p=254874","title":{"rendered":"\u0130kili \u0130li\u015fkileri G\u00fc\u00e7lendirmek \u0130\u00e7in Suriye-Belarus G\u00f6r\u00fc\u015fmeleri"},"content":{"rendered":"<p>M\u0130NSK &#8211; Suriye&#8217;nin Belarus B\u00fcy\u00fckel\u00e7isi Muhammad Al Omrani ve Belarus Ulusal Meclisi Cumhuriyet Konseyi Ba\u015fkan\u0131 Natalia Ka\u00e7anova, parlamenter ili\u015fkiler de dahil olmak \u00fczere Suriye-Belarus ili\u015fkilerinin t\u00fcm y\u00f6nlerini ele ald\u0131.<\/p>\n<p>\u0130ki taraf, iki dost \u00fclkenin d\u00fcnyadaki mevcut zor jeopolitik durum \u0131\u015f\u0131\u011f\u0131nda ve i\u00e7 d\u00fcnyadaki bask\u0131lar, yapt\u0131r\u0131mlar ve d\u0131\u015f m\u00fcdahale giri\u015fimleri kar\u015f\u0131s\u0131nda iki \u00fclke aras\u0131ndaki ili\u015fkiler ve iki \u00fclkeyi ve iki dost halk\u0131 birbirine ba\u011flayan g\u00fcven ve ortakl\u0131k fakt\u00f6rlerine dayal\u0131 olarak bu tarihi ili\u015fkileri g\u00fc\u00e7lendirme ve geli\u015ftirme y\u00f6n\u00fcnde ilerleme arzusunu ve \u00e7\u0131karlar\u0131n\u0131 belirtti.<\/p>\n<p>Suriye b\u00fcy\u00fckel\u00e7isi, Belarus halk\u0131n\u0131 B\u00fcy\u00fck Vatanseverlik Sava\u015f\u0131&#8217;ndaki Zafer Bayram\u0131&#8217;n\u0131n y\u0131ld\u00f6n\u00fcm\u00fc vesilesiyle tebrik ederek, Suriye&#8217;nin dost Belarus ile ili\u015fkilerini parlamento alan\u0131 da dahil olmak \u00fczere \u00e7e\u015fitli alanlarda g\u00fc\u00e7lendirme arzusuna i\u015faret etti.<\/p>\n<p>B\u00fcy\u00fckel\u00e7i Al Omrani, Suriye&#8217;nin ter\u00f6rizm, yapt\u0131r\u0131mlar ve haks\u0131z tek tarafl\u0131 yapt\u0131r\u0131mlar kar\u015f\u0131s\u0131nda maruz kald\u0131\u011f\u0131 ve halen devam etmekte oldu\u011fu durumlar kar\u015f\u0131s\u0131nda Belarus&#8217;un Suriye ile dayan\u0131\u015fma i\u00e7indeki tutumlar\u0131 i\u00e7in b\u00fcy\u00fck takdirini ve ayr\u0131ca Belarus&#8217;un insani yard\u0131m ve giri\u015fimleri i\u00e7in takdirini dile getirerek, Suriye&#8217;nin i\u00e7 i\u015flerine d\u0131\u015f m\u00fcdahale giri\u015fimlerine kar\u015f\u0131 Belarus&#8217;a deste\u011fini ve kendisine uygulanan yapt\u0131r\u0131mlar\u0131 ve \u00f6nlemleri reddetti\u011fini belirtti.<\/p>\n<p>Kendi y\u00f6n\u00fcnden, Cumhuriyet Meclisi Ba\u015fkan\u0131, Suriye&#8217;nin Orta Do\u011fu&#8217;da, ge\u00e7ti\u011fimiz y\u0131llarda, ister iki cumhurba\u015fkan\u0131 d\u00fczeyinde olsun, isterse iki dost halk d\u00fczeyinde olsun, Belarus i\u00e7in her zaman ve hala g\u00fcvenilir bir ortak oldu\u011funu, bunun iki \u00fclkenin b\u00fcy\u00fck etkile\u015fiminden ve aralar\u0131ndaki iyi ili\u015fkilerden kaynakland\u0131\u011f\u0131n\u0131 belirterek, Belarus&#8217;un Suriye ile her alanda i\u015fbirli\u011fine haz\u0131r ve a\u00e7\u0131k oldu\u011funu ifade ederek, bu ili\u015fkileri g\u00fc\u00e7lendirmeye devam etmenin ve iki \u00fclke aras\u0131ndaki say\u0131s\u0131z anla\u015fmay\u0131 uygulaman\u0131n \u00f6nemini vurgulad\u0131.<\/p>\n<p>Ka\u00e7anova, Belarus liderli\u011finin ve halk\u0131n\u0131n, topraklar\u0131n\u0131n egemenli\u011fini, ba\u011f\u0131ms\u0131zl\u0131\u011f\u0131n\u0131 ve toprak b\u00fct\u00fcnl\u00fc\u011f\u00fcn\u00fc koruma \u00e7abalar\u0131nda Suriye halk\u0131n\u0131 her zaman destekledi\u011fine dikkat \u00e7ekerek, \u00fclkesinin \u015fu anda Bat\u0131l\u0131 \u00fclkelerin yapt\u0131r\u0131mlar\u0131n\u0131n bask\u0131s\u0131 alt\u0131nda oldu\u011funu ve bu iki \u00fclkeyi y\u0131k\u0131c\u0131 politikalar ve i\u00e7 i\u015flerine m\u00fcdahale giri\u015fimleri kar\u015f\u0131s\u0131nda birlikte \u00e7al\u0131\u015fmak ve i\u015fbirli\u011fi yapmak zorunda b\u0131rakt\u0131\u011f\u0131na i\u015faret etti.<\/p>\n","protected":false},"excerpt":{"rendered":"<p>M\u0130NSK &#8211; Suriye&#8217;nin Belarus B\u00fcy\u00fckel\u00e7isi Muhammad Al Omrani ve Belarus Ulusal Meclisi Cumhuriyet Konseyi Ba\u015fkan\u0131 Natalia Ka\u00e7anova, parlamenter ili\u015fkiler de dahil olmak \u00fczere Suriye-Belarus ili\u015fkilerinin t\u00fcm y\u00f6nlerini ele ald\u0131. \u0130ki taraf, iki dost \u00fclkenin d\u00fcnyadaki mevcut zor jeopolitik durum \u0131\u015f\u0131\u011f\u0131nda ve i\u00e7 d\u00fcnyadaki bask\u0131lar, yapt\u0131r\u0131mlar ve d\u0131\u015f m\u00fcdahale giri\u015fimleri kar\u015f\u0131s\u0131nda iki \u00fclke aras\u0131ndaki ili\u015fkiler ve &hellip;<\/p>\n","protected":false},"author":1,"featured_media":254875,"comment_status":"closed","ping_status":"closed","sticky":false,"template":"","format":"standard","meta":{"footnotes":""},"categories":[458,459,17988],"tags":[],"class_list":["post-254874","post","type-post","status-publish","format-standard","has-post-thumbnail","","category-dunya1","category-haberler-arap-uluslararasi-politika","category-son-haberler"],"_links":{"self":[{"href":"https:\/\/archive.sana.sy\/tr\/index.php?rest_route=\/wp\/v2\/posts\/254874","targetHints":{"allow":["GET"]}}],"collection":[{"href":"https:\/\/archive.sana.sy\/tr\/index.php?rest_route=\/wp\/v2\/posts"}],"about":[{"href":"https:\/\/archive.sana.sy\/tr\/index.php?rest_route=\/wp\/v2\/types\/post"}],"author":[{"embeddable":true,"href":"https:\/\/archive.sana.sy\/tr\/index.php?rest_route=\/wp\/v2\/users\/1"}],"replies":[{"embeddable":true,"href":"https:\/\/archive.sana.sy\/tr\/index.php?rest_route=%2Fwp%2Fv2%2Fcomments&post=254874"}],"version-history":[{"count":0,"href":"https:\/\/archive.sana.sy\/tr\/index.php?rest_route=\/wp\/v2\/posts\/254874\/revisions"}],"wp:featuredmedia":[{"embeddable":true,"href":"https:\/\/archive.sana.sy\/tr\/index.php?rest_route=\/wp\/v2\/media\/254875"}],"wp:attachment":[{"href":"https:\/\/archive.sana.sy\/tr\/index.php?rest_route=%2Fwp%2Fv2%2Fmedia&parent=254874"}],"wp:term":[{"taxonomy":"category","embeddable":true,"href":"https:\/\/archive.sana.sy\/tr\/index.php?rest_route=%2Fwp%2Fv2%2Fcategories&post=254874"},{"taxonomy":"post_tag","embeddable":true,"href":"https:\/\/archive.sana.sy\/tr\/index.php?rest_route=%2Fwp%2Fv2%2Ftags&post=254874"}],"curies":[{"name":"wp","href":"https:\/\/api.w.org\/{rel}","templated":true}]}}