{"id":254877,"date":"2022-05-13T23:00:21","date_gmt":"2022-05-13T20:00:21","guid":{"rendered":"http:\/\/107.6.182.27\/tr\/?p=254877"},"modified":"2022-05-14T08:17:03","modified_gmt":"2022-05-14T05:17:03","slug":"nasrullah-direnisin-yaninda-duranlarin-basinda-suriye-vardi","status":"publish","type":"post","link":"https:\/\/archive.sana.sy\/tr\/?p=254877","title":{"rendered":"Nasrullah: Direni\u015fin Yan\u0131nda Duranlar\u0131n Ba\u015f\u0131nda Suriye Vard\u0131"},"content":{"rendered":"<p style=\"text-align: justify;\">BEYRUT &#8211; Hizbullah Genel Sekreteri Seyyid Hasan Nasrullah, Suriye&#8217;nin direni\u015fin yan\u0131nda duranlar\u0131n en \u00f6n saflar\u0131nda yer ald\u0131\u011f\u0131n\u0131 ve hala da \u00f6yle oldu\u011funu, ter\u00f6rist gruplar\u0131n plan\u0131n\u0131n zafere ula\u015fmas\u0131 halinde bunun t\u00fcm L\u00fcbnan i\u00e7in tehlike olu\u015fturaca\u011f\u0131n\u0131 belirtti.<\/p>\n<p style=\"text-align: justify;\">Seyyid Nasrullah, Bekaa Vadisi&#8217;ndeki bir se\u00e7im festivalinde, yeni parlamentoda ve yeni h\u00fck\u00fcmette, ekonomide, ge\u00e7i\u015flerde, projelerde ve ziyaretlerde L\u00fcbnan ile Suriye aras\u0131ndaki normal ili\u015fkileri yeniden tesis etmek i\u00e7in \u00e7al\u0131\u015fma yap\u0131lmas\u0131 gerekti\u011fini \u00e7\u00fcnk\u00fc, L\u00fcbnan&#8217;\u0131n bundan en \u00e7ok fayda sa\u011flayan taraf oldu\u011funu a\u00e7\u0131klad\u0131.<\/p>\n<p style=\"text-align: justify;\">Seyyid Nasrullah, se\u00e7im kampanyalar\u0131nda olup bitenlerle ilgili olarak, &#8220;Se\u00e7im kampanyalar\u0131nda bir\u00e7ok kin ve nefretin yay\u0131ld\u0131\u011f\u0131n\u0131 duyduk&#8221; diyerek, s\u00f6z konusu siyasi, medya, ekonomik ve finans ata\u011f\u0131n\u0131n hedefinin Beka ahalisini direni\u015f ve silah\u0131ndan vazge\u00e7irmek a direni\u015fi ve silahlar\u0131n\u0131 terk ettirilmesi oldu\u011funu dile getirdi.<\/p>\n<p style=\"text-align: justify;\">Seyyid Nasrullah, &#8220;Hizbullah&#8217;\u0131 g\u00fcl\u00fcn\u00e7 yollarla korkutarak insanlar aldat\u0131l\u0131yor&#8221; diyerek, direni\u015f silah\u0131n\u0131n hi\u00e7 kimseyi elektri\u011fi \u0131slah etmek ve barajlar in\u015fa etmekten menetmedi\u011fini, ge\u00e7en ony\u0131llar boyunca da ac\u0131l\u0131 mali politikalar\u0131 kararla\u015ft\u0131rmad\u0131\u011f\u0131na dikkat \u00e7ekti.<\/p>\n<p style=\"text-align: justify;\">Seyyid Nasrullah, grubuyla birlikte L\u00fcbnanl\u0131 mevduat sahiplerinin paralar\u0131n\u0131n yurt d\u0131\u015f\u0131na ka\u00e7\u0131r\u0131lmas\u0131na yard\u0131m edenin Wa\u015fington&#8217;un oldu\u011funu, L\u00fcbnan&#8217;daki yat\u0131r\u0131mlar\u0131 engelleyen ve L\u00fcbnanl\u0131lar\u0131 a\u00e7 b\u0131rakan\u0131n da Wa\u015fington oldu\u011funa i\u015faret etti.<\/p>\n","protected":false},"excerpt":{"rendered":"<p>BEYRUT &#8211; Hizbullah Genel Sekreteri Seyyid Hasan Nasrullah, Suriye&#8217;nin direni\u015fin yan\u0131nda duranlar\u0131n en \u00f6n saflar\u0131nda yer ald\u0131\u011f\u0131n\u0131 ve hala da \u00f6yle oldu\u011funu, ter\u00f6rist gruplar\u0131n plan\u0131n\u0131n zafere ula\u015fmas\u0131 halinde bunun t\u00fcm L\u00fcbnan i\u00e7in tehlike olu\u015fturaca\u011f\u0131n\u0131 belirtti. Seyyid Nasrullah, Bekaa Vadisi&#8217;ndeki bir se\u00e7im festivalinde, yeni parlamentoda ve yeni h\u00fck\u00fcmette, ekonomide, ge\u00e7i\u015flerde, projelerde ve ziyaretlerde L\u00fcbnan ile Suriye &hellip;<\/p>\n","protected":false},"author":1,"featured_media":254878,"comment_status":"closed","ping_status":"closed","sticky":false,"template":"","format":"standard","meta":{"footnotes":""},"categories":[458,459,17988],"tags":[],"class_list":["post-254877","post","type-post","status-publish","format-standard","has-post-thumbnail","","category-dunya1","category-haberler-arap-uluslararasi-politika","category-son-haberler"],"_links":{"self":[{"href":"https:\/\/archive.sana.sy\/tr\/index.php?rest_route=\/wp\/v2\/posts\/254877","targetHints":{"allow":["GET"]}}],"collection":[{"href":"https:\/\/archive.sana.sy\/tr\/index.php?rest_route=\/wp\/v2\/posts"}],"about":[{"href":"https:\/\/archive.sana.sy\/tr\/index.php?rest_route=\/wp\/v2\/types\/post"}],"author":[{"embeddable":true,"href":"https:\/\/archive.sana.sy\/tr\/index.php?rest_route=\/wp\/v2\/users\/1"}],"replies":[{"embeddable":true,"href":"https:\/\/archive.sana.sy\/tr\/index.php?rest_route=%2Fwp%2Fv2%2Fcomments&post=254877"}],"version-history":[{"count":0,"href":"https:\/\/archive.sana.sy\/tr\/index.php?rest_route=\/wp\/v2\/posts\/254877\/revisions"}],"wp:featuredmedia":[{"embeddable":true,"href":"https:\/\/archive.sana.sy\/tr\/index.php?rest_route=\/wp\/v2\/media\/254878"}],"wp:attachment":[{"href":"https:\/\/archive.sana.sy\/tr\/index.php?rest_route=%2Fwp%2Fv2%2Fmedia&parent=254877"}],"wp:term":[{"taxonomy":"category","embeddable":true,"href":"https:\/\/archive.sana.sy\/tr\/index.php?rest_route=%2Fwp%2Fv2%2Fcategories&post=254877"},{"taxonomy":"post_tag","embeddable":true,"href":"https:\/\/archive.sana.sy\/tr\/index.php?rest_route=%2Fwp%2Fv2%2Ftags&post=254877"}],"curies":[{"name":"wp","href":"https:\/\/api.w.org\/{rel}","templated":true}]}}