{"id":254880,"date":"2022-05-13T23:55:18","date_gmt":"2022-05-13T20:55:18","guid":{"rendered":"http:\/\/107.6.182.27\/tr\/?p=254880"},"modified":"2022-05-14T10:29:53","modified_gmt":"2022-05-14T07:29:53","slug":"dusman-israilin-orta-bolgeye-duzenledigi-fuze-saldirisinda-5-sehit-7-yarali-video","status":"publish","type":"post","link":"https:\/\/archive.sana.sy\/tr\/?p=254880","title":{"rendered":"D\u00fc\u015fman \u0130srail&#8217;in Orta B\u00f6lgeye D\u00fczenledi\u011fi F\u00fcze Sald\u0131r\u0131s\u0131nda 5 \u015eehit, 7 Yaral\u0131 &#8211; Video"},"content":{"rendered":"<p style=\"text-align: justify;\">\u015eAM &#8211; \u0130srail&#8217;in orta b\u00f6lgedeki baz\u0131 noktalar\u0131 hedef ald\u0131\u011f\u0131 f\u00fcze sald\u0131r\u0131s\u0131 sonucu be\u015f \u015fehit d\u00fc\u015ft\u00fc, yedi vatanda\u015f da yaraland\u0131.<\/p>\n<p><a href=\"http:\/\/107.6.182.27\/tr\/wp-content\/uploads\/2022\/05\/\u0662\u0660\u0662\u0662\u0660\u0665\u0661\u0663_\u0662\u0662\u0660\u0665\u0664\u0661-Copy-scaled.jpg\"><img loading=\"lazy\" decoding=\"async\" class=\"size-medium wp-image-254882 alignright\" src=\"http:\/\/107.6.182.27\/tr\/wp-content\/uploads\/2022\/05\/\u0662\u0660\u0662\u0662\u0660\u0665\u0661\u0663_\u0662\u0662\u0660\u0665\u0664\u0661-Copy-300x225.jpg\" alt=\"\" width=\"300\" height=\"225\" srcset=\"https:\/\/archive.sana.sy\/tr\/wp-content\/uploads\/2022\/05\/\u0662\u0660\u0662\u0662\u0660\u0665\u0661\u0663_\u0662\u0662\u0660\u0665\u0664\u0661-Copy-300x225.jpg 300w, https:\/\/archive.sana.sy\/tr\/wp-content\/uploads\/2022\/05\/\u0662\u0660\u0662\u0662\u0660\u0665\u0661\u0663_\u0662\u0662\u0660\u0665\u0664\u0661-Copy-1024x768.jpg 1024w, https:\/\/archive.sana.sy\/tr\/wp-content\/uploads\/2022\/05\/\u0662\u0660\u0662\u0662\u0660\u0665\u0661\u0663_\u0662\u0662\u0660\u0665\u0664\u0661-Copy-150x112.jpg 150w, https:\/\/archive.sana.sy\/tr\/wp-content\/uploads\/2022\/05\/\u0662\u0660\u0662\u0662\u0660\u0665\u0661\u0663_\u0662\u0662\u0660\u0665\u0664\u0661-Copy-768x576.jpg 768w, https:\/\/archive.sana.sy\/tr\/wp-content\/uploads\/2022\/05\/\u0662\u0660\u0662\u0662\u0660\u0665\u0661\u0663_\u0662\u0662\u0660\u0665\u0664\u0661-Copy-1536x1152.jpg 1536w, https:\/\/archive.sana.sy\/tr\/wp-content\/uploads\/2022\/05\/\u0662\u0660\u0662\u0662\u0660\u0665\u0661\u0663_\u0662\u0662\u0660\u0665\u0664\u0661-Copy-2048x1536.jpg 2048w\" sizes=\"auto, (max-width: 300px) 100vw, 300px\" \/><\/a><\/p>\n<p style=\"text-align: justify;\">Askeri bir kaynak SANA&#8217;ya verdi\u011fi deme\u00e7te, &#8220;Bu ak\u015fam 8:20 sular\u0131nda \u0130srailli d\u00fc\u015fman, Banyas&#8217;\u0131n bat\u0131s\u0131nda Akdeniz y\u00f6n\u00fcnden f\u00fczelerle orta b\u00f6lgedeki baz\u0131 noktalar\u0131 hedef alan bir hava sald\u0131r\u0131s\u0131 ger\u00e7ekle\u015ftirdi. Savunma sistemlerimiz sald\u0131rgan f\u00fczelere kar\u015f\u0131 koyarak \u00e7o\u011funu d\u00fc\u015f\u00fcrd\u00fc&#8221; ded.<\/p>\n<p style=\"text-align: justify;\">Kaynak ayr\u0131ca, sald\u0131r\u0131 sonucunda &#8220;biri sivil be\u015f ki\u015finin \u015fehit d\u00fc\u015fmesine, biri \u00e7ocuk yedi vatanda\u015f\u0131n da yaralanmas\u0131 ve baz\u0131 maddi hasarlara yol a\u00e7t\u0131\u011f\u0131n\u0131&#8221; ifade etti.<\/p>\n<p style=\"text-align: justify;\">SANA&#8217;n\u0131n Hama&#8217;daki muhabiri, \u0130srailli sald\u0131r\u0131n\u0131n M\u0131syaf k\u0131rsal\u0131ndaki ormanlarda, bu b\u00f6lgelere bir dizi d\u00fc\u015fman f\u00fczesinin d\u00fc\u015fmesi nedeniyle birka\u00e7 yang\u0131n\u0131n \u00e7\u0131kmas\u0131na da yol a\u00e7t\u0131\u011f\u0131na i\u015faret etti.<\/p>\n<p style=\"text-align: center;\"><iframe loading=\"lazy\" title=\"YouTube video player\" src=\"https:\/\/www.youtube.com\/embed\/Ero_g35BaM4\" width=\"620\" height=\"347\" frameborder=\"0\" allowfullscreen=\"allowfullscreen\"><\/iframe><\/p>\n<div id='gallery-1' class='gallery galleryid-254880 gallery-columns-1 gallery-size-full'><figure class='gallery-item'>\n\t\t\t<div class='gallery-icon landscape'>\n\t\t\t\t<a href='https:\/\/archive.sana.sy\/tr\/wp-content\/uploads\/2022\/05\/01-1-scaled.jpg'><img loading=\"lazy\" decoding=\"async\" width=\"2560\" height=\"1584\" src=\"https:\/\/archive.sana.sy\/tr\/wp-content\/uploads\/2022\/05\/01-1-scaled.jpg\" class=\"attachment-full size-full\" alt=\"\" srcset=\"https:\/\/archive.sana.sy\/tr\/wp-content\/uploads\/2022\/05\/01-1-scaled.jpg 2560w, https:\/\/archive.sana.sy\/tr\/wp-content\/uploads\/2022\/05\/01-1-300x186.jpg 300w, https:\/\/archive.sana.sy\/tr\/wp-content\/uploads\/2022\/05\/01-1-1024x634.jpg 1024w, https:\/\/archive.sana.sy\/tr\/wp-content\/uploads\/2022\/05\/01-1-150x93.jpg 150w, https:\/\/archive.sana.sy\/tr\/wp-content\/uploads\/2022\/05\/01-1-768x475.jpg 768w, https:\/\/archive.sana.sy\/tr\/wp-content\/uploads\/2022\/05\/01-1-1536x950.jpg 1536w, https:\/\/archive.sana.sy\/tr\/wp-content\/uploads\/2022\/05\/01-1-2048x1267.jpg 2048w\" sizes=\"auto, (max-width: 2560px) 100vw, 2560px\" \/><\/a>\n\t\t\t<\/div><\/figure><figure class='gallery-item'>\n\t\t\t<div class='gallery-icon landscape'>\n\t\t\t\t<a href='https:\/\/archive.sana.sy\/tr\/wp-content\/uploads\/2022\/05\/01-2-scaled.jpg'><img loading=\"lazy\" decoding=\"async\" width=\"2560\" height=\"1655\" src=\"https:\/\/archive.sana.sy\/tr\/wp-content\/uploads\/2022\/05\/01-2-scaled.jpg\" class=\"attachment-full size-full\" alt=\"\" srcset=\"https:\/\/archive.sana.sy\/tr\/wp-content\/uploads\/2022\/05\/01-2-scaled.jpg 2560w, https:\/\/archive.sana.sy\/tr\/wp-content\/uploads\/2022\/05\/01-2-300x194.jpg 300w, https:\/\/archive.sana.sy\/tr\/wp-content\/uploads\/2022\/05\/01-2-1024x662.jpg 1024w, https:\/\/archive.sana.sy\/tr\/wp-content\/uploads\/2022\/05\/01-2-150x97.jpg 150w, https:\/\/archive.sana.sy\/tr\/wp-content\/uploads\/2022\/05\/01-2-768x497.jpg 768w, https:\/\/archive.sana.sy\/tr\/wp-content\/uploads\/2022\/05\/01-2-1536x993.jpg 1536w, https:\/\/archive.sana.sy\/tr\/wp-content\/uploads\/2022\/05\/01-2-2048x1324.jpg 2048w\" sizes=\"auto, (max-width: 2560px) 100vw, 2560px\" \/><\/a>\n\t\t\t<\/div><\/figure><figure class='gallery-item'>\n\t\t\t<div class='gallery-icon landscape'>\n\t\t\t\t<a href='https:\/\/archive.sana.sy\/tr\/wp-content\/uploads\/2022\/05\/01-3-scaled.jpg'><img loading=\"lazy\" decoding=\"async\" width=\"2560\" height=\"1603\" src=\"https:\/\/archive.sana.sy\/tr\/wp-content\/uploads\/2022\/05\/01-3-scaled.jpg\" class=\"attachment-full size-full\" alt=\"\" srcset=\"https:\/\/archive.sana.sy\/tr\/wp-content\/uploads\/2022\/05\/01-3-scaled.jpg 2560w, https:\/\/archive.sana.sy\/tr\/wp-content\/uploads\/2022\/05\/01-3-300x188.jpg 300w, https:\/\/archive.sana.sy\/tr\/wp-content\/uploads\/2022\/05\/01-3-1024x641.jpg 1024w, https:\/\/archive.sana.sy\/tr\/wp-content\/uploads\/2022\/05\/01-3-150x94.jpg 150w, https:\/\/archive.sana.sy\/tr\/wp-content\/uploads\/2022\/05\/01-3-768x481.jpg 768w, https:\/\/archive.sana.sy\/tr\/wp-content\/uploads\/2022\/05\/01-3-1536x962.jpg 1536w, https:\/\/archive.sana.sy\/tr\/wp-content\/uploads\/2022\/05\/01-3-2048x1283.jpg 2048w\" sizes=\"auto, (max-width: 2560px) 100vw, 2560px\" \/><\/a>\n\t\t\t<\/div><\/figure>\n\t\t<\/div>\n\n","protected":false},"excerpt":{"rendered":"<p>\u015eAM &#8211; \u0130srail&#8217;in orta b\u00f6lgedeki baz\u0131 noktalar\u0131 hedef ald\u0131\u011f\u0131 f\u00fcze sald\u0131r\u0131s\u0131 sonucu be\u015f \u015fehit d\u00fc\u015ft\u00fc, yedi vatanda\u015f da yaraland\u0131. Askeri bir kaynak SANA&#8217;ya verdi\u011fi deme\u00e7te, &#8220;Bu ak\u015fam 8:20 sular\u0131nda \u0130srailli d\u00fc\u015fman, Banyas&#8217;\u0131n bat\u0131s\u0131nda Akdeniz y\u00f6n\u00fcnden f\u00fczelerle orta b\u00f6lgedeki baz\u0131 noktalar\u0131 hedef alan bir hava sald\u0131r\u0131s\u0131 ger\u00e7ekle\u015ftirdi. Savunma sistemlerimiz sald\u0131rgan f\u00fczelere kar\u015f\u0131 koyarak \u00e7o\u011funu d\u00fc\u015f\u00fcrd\u00fc&#8221; ded. &hellip;<\/p>\n","protected":false},"author":1,"featured_media":254881,"comment_status":"closed","ping_status":"closed","sticky":false,"template":"","format":"standard","meta":{"footnotes":""},"categories":[479,575,17988,478],"tags":[],"class_list":["post-254880","post","type-post","status-publish","format-standard","has-post-thumbnail","","category-haberler-yerel","category-olaylar-ve-gercekler","category-son-haberler","category-yerel"],"_links":{"self":[{"href":"https:\/\/archive.sana.sy\/tr\/index.php?rest_route=\/wp\/v2\/posts\/254880","targetHints":{"allow":["GET"]}}],"collection":[{"href":"https:\/\/archive.sana.sy\/tr\/index.php?rest_route=\/wp\/v2\/posts"}],"about":[{"href":"https:\/\/archive.sana.sy\/tr\/index.php?rest_route=\/wp\/v2\/types\/post"}],"author":[{"embeddable":true,"href":"https:\/\/archive.sana.sy\/tr\/index.php?rest_route=\/wp\/v2\/users\/1"}],"replies":[{"embeddable":true,"href":"https:\/\/archive.sana.sy\/tr\/index.php?rest_route=%2Fwp%2Fv2%2Fcomments&post=254880"}],"version-history":[{"count":0,"href":"https:\/\/archive.sana.sy\/tr\/index.php?rest_route=\/wp\/v2\/posts\/254880\/revisions"}],"wp:featuredmedia":[{"embeddable":true,"href":"https:\/\/archive.sana.sy\/tr\/index.php?rest_route=\/wp\/v2\/media\/254881"}],"wp:attachment":[{"href":"https:\/\/archive.sana.sy\/tr\/index.php?rest_route=%2Fwp%2Fv2%2Fmedia&parent=254880"}],"wp:term":[{"taxonomy":"category","embeddable":true,"href":"https:\/\/archive.sana.sy\/tr\/index.php?rest_route=%2Fwp%2Fv2%2Fcategories&post=254880"},{"taxonomy":"post_tag","embeddable":true,"href":"https:\/\/archive.sana.sy\/tr\/index.php?rest_route=%2Fwp%2Fv2%2Ftags&post=254880"}],"curies":[{"name":"wp","href":"https:\/\/api.w.org\/{rel}","templated":true}]}}