{"id":254911,"date":"2022-05-14T11:23:44","date_gmt":"2022-05-14T08:23:44","guid":{"rendered":"http:\/\/107.6.182.27\/tr\/?p=254911"},"modified":"2022-05-15T08:22:50","modified_gmt":"2022-05-15T05:22:50","slug":"sosyal-birlik-ve-kalkinma-fonun-ilk-konferansi-basladi","status":"publish","type":"post","link":"https:\/\/archive.sana.sy\/tr\/?p=254911","title":{"rendered":"Sosyal Birlik ve Kalk\u0131nma Fonun \u0130lk Konferans\u0131 Ba\u015flad\u0131"},"content":{"rendered":"<p>\u015eAM \u2013 Sosyal Birlik ve Kalk\u0131nma Vakf\u0131&#8217;n\u0131n (Gen\u00e7li\u011fin Kalk\u0131nma \u00c7al\u0131\u015fmalar\u0131ndaki Rol\u00fcn\u00fcn Etkinle\u015ftirilmesi) ba\u015fl\u0131kl\u0131 ilk konferans\u0131n\u0131n \u00e7al\u0131\u015fmalar\u0131 bug\u00fcn \u015eam&#8217;daki Emevi Konferanslar Saray\u0131&#8217;nda ba\u015flad\u0131.<\/p>\n<p>Antakya ve t\u00fcm Do\u011fu Rum Ortodoks Patri\u011fi X. Yuhanna Yazici konu\u015fmas\u0131nda, \u201cSuriyelilerin ge\u00e7imlerini etkileyen g\u00fcnahkar ekonomik yapt\u0131r\u0131mlar\u0131n kald\u0131r\u0131lmas\u0131 \u00e7a\u011fr\u0131s\u0131nda bulunuyoruz\u201d dedi.<\/p>\n<div id='gallery-1' class='gallery galleryid-254911 gallery-columns-1 gallery-size-full'><figure class='gallery-item'>\n\t\t\t<div class='gallery-icon landscape'>\n\t\t\t\t<a href='https:\/\/archive.sana.sy\/tr\/wp-content\/uploads\/2022\/05\/9-33.jpg'><img loading=\"lazy\" decoding=\"async\" width=\"660\" height=\"361\" src=\"https:\/\/archive.sana.sy\/tr\/wp-content\/uploads\/2022\/05\/9-33.jpg\" class=\"attachment-full size-full\" alt=\"\" srcset=\"https:\/\/archive.sana.sy\/tr\/wp-content\/uploads\/2022\/05\/9-33.jpg 660w, https:\/\/archive.sana.sy\/tr\/wp-content\/uploads\/2022\/05\/9-33-300x164.jpg 300w, https:\/\/archive.sana.sy\/tr\/wp-content\/uploads\/2022\/05\/9-33-150x82.jpg 150w\" sizes=\"auto, (max-width: 660px) 100vw, 660px\" \/><\/a>\n\t\t\t<\/div><\/figure><figure class='gallery-item'>\n\t\t\t<div class='gallery-icon landscape'>\n\t\t\t\t<a href='https:\/\/archive.sana.sy\/tr\/wp-content\/uploads\/2022\/05\/10-39.jpg'><img loading=\"lazy\" decoding=\"async\" width=\"660\" height=\"371\" src=\"https:\/\/archive.sana.sy\/tr\/wp-content\/uploads\/2022\/05\/10-39.jpg\" class=\"attachment-full size-full\" alt=\"\" srcset=\"https:\/\/archive.sana.sy\/tr\/wp-content\/uploads\/2022\/05\/10-39.jpg 660w, https:\/\/archive.sana.sy\/tr\/wp-content\/uploads\/2022\/05\/10-39-300x169.jpg 300w, https:\/\/archive.sana.sy\/tr\/wp-content\/uploads\/2022\/05\/10-39-150x84.jpg 150w\" sizes=\"auto, (max-width: 660px) 100vw, 660px\" \/><\/a>\n\t\t\t<\/div><\/figure><figure class='gallery-item'>\n\t\t\t<div class='gallery-icon landscape'>\n\t\t\t\t<a href='https:\/\/archive.sana.sy\/tr\/wp-content\/uploads\/2022\/05\/11-42.jpg'><img loading=\"lazy\" decoding=\"async\" width=\"660\" height=\"371\" src=\"https:\/\/archive.sana.sy\/tr\/wp-content\/uploads\/2022\/05\/11-42.jpg\" class=\"attachment-full size-full\" alt=\"\" srcset=\"https:\/\/archive.sana.sy\/tr\/wp-content\/uploads\/2022\/05\/11-42.jpg 660w, https:\/\/archive.sana.sy\/tr\/wp-content\/uploads\/2022\/05\/11-42-300x169.jpg 300w, https:\/\/archive.sana.sy\/tr\/wp-content\/uploads\/2022\/05\/11-42-150x84.jpg 150w\" sizes=\"auto, (max-width: 660px) 100vw, 660px\" \/><\/a>\n\t\t\t<\/div><\/figure>\n\t\t<\/div>\n\n","protected":false},"excerpt":{"rendered":"<p>\u015eAM \u2013 Sosyal Birlik ve Kalk\u0131nma Vakf\u0131&#8217;n\u0131n (Gen\u00e7li\u011fin Kalk\u0131nma \u00c7al\u0131\u015fmalar\u0131ndaki Rol\u00fcn\u00fcn Etkinle\u015ftirilmesi) ba\u015fl\u0131kl\u0131 ilk konferans\u0131n\u0131n \u00e7al\u0131\u015fmalar\u0131 bug\u00fcn \u015eam&#8217;daki Emevi Konferanslar Saray\u0131&#8217;nda ba\u015flad\u0131. Antakya ve t\u00fcm Do\u011fu Rum Ortodoks Patri\u011fi X. Yuhanna Yazici konu\u015fmas\u0131nda, \u201cSuriyelilerin ge\u00e7imlerini etkileyen g\u00fcnahkar ekonomik yapt\u0131r\u0131mlar\u0131n kald\u0131r\u0131lmas\u0131 \u00e7a\u011fr\u0131s\u0131nda bulunuyoruz\u201d dedi.<\/p>\n","protected":false},"author":36,"featured_media":254915,"comment_status":"closed","ping_status":"closed","sticky":false,"template":"","format":"standard","meta":{"footnotes":""},"categories":[596,479,17988,478],"tags":[],"class_list":["post-254911","post","type-post","status-publish","format-standard","has-post-thumbnail","","category-fotografli-raporlar","category-haberler-yerel","category-son-haberler","category-yerel"],"_links":{"self":[{"href":"https:\/\/archive.sana.sy\/tr\/index.php?rest_route=\/wp\/v2\/posts\/254911","targetHints":{"allow":["GET"]}}],"collection":[{"href":"https:\/\/archive.sana.sy\/tr\/index.php?rest_route=\/wp\/v2\/posts"}],"about":[{"href":"https:\/\/archive.sana.sy\/tr\/index.php?rest_route=\/wp\/v2\/types\/post"}],"author":[{"embeddable":true,"href":"https:\/\/archive.sana.sy\/tr\/index.php?rest_route=\/wp\/v2\/users\/36"}],"replies":[{"embeddable":true,"href":"https:\/\/archive.sana.sy\/tr\/index.php?rest_route=%2Fwp%2Fv2%2Fcomments&post=254911"}],"version-history":[{"count":0,"href":"https:\/\/archive.sana.sy\/tr\/index.php?rest_route=\/wp\/v2\/posts\/254911\/revisions"}],"wp:featuredmedia":[{"embeddable":true,"href":"https:\/\/archive.sana.sy\/tr\/index.php?rest_route=\/wp\/v2\/media\/254915"}],"wp:attachment":[{"href":"https:\/\/archive.sana.sy\/tr\/index.php?rest_route=%2Fwp%2Fv2%2Fmedia&parent=254911"}],"wp:term":[{"taxonomy":"category","embeddable":true,"href":"https:\/\/archive.sana.sy\/tr\/index.php?rest_route=%2Fwp%2Fv2%2Fcategories&post=254911"},{"taxonomy":"post_tag","embeddable":true,"href":"https:\/\/archive.sana.sy\/tr\/index.php?rest_route=%2Fwp%2Fv2%2Ftags&post=254911"}],"curies":[{"name":"wp","href":"https:\/\/api.w.org\/{rel}","templated":true}]}}