{"id":254922,"date":"2022-05-14T12:29:27","date_gmt":"2022-05-14T09:29:27","guid":{"rendered":"http:\/\/107.6.182.27\/tr\/?p=254922"},"modified":"2022-05-15T08:23:01","modified_gmt":"2022-05-15T05:23:01","slug":"rus-savunmasi-ukrayna-savasma-alanlarinin-imhasini-gosteren-videolar-yayinladi-video","status":"publish","type":"post","link":"https:\/\/archive.sana.sy\/tr\/?p=254922","title":{"rendered":"Rus Savunmas\u0131, Ukrayna Sava\u015fma Alanlar\u0131n\u0131n \u0130mhas\u0131n\u0131 G\u00f6steren Videolar Yay\u0131nlad\u0131 \u2013 V\u0130DEO"},"content":{"rendered":"<p>MOSKOVA \u2013 Rusya Savunma Bakanl\u0131\u011f\u0131, Donbass&#8217;\u0131 korumak i\u00e7in \u00f6zel askeri operasyonun kapsam\u0131nda Rus hava indirme kuvvetlerinin muharebe operasyonlar\u0131na ili\u015fkin videolar yay\u0131nlad\u0131.<\/p>\n<p>Bakanl\u0131k, Hava indirme kuvvetlerinin birimleri, d\u00fc\u015fman\u0131n sava\u015fma alanlar\u0131n\u0131 imha etti\u011fini belirtirken, havan toplar\u0131 ve muharebe ara\u00e7lar\u0131 ekiplerinin de onlara ate\u015f deste\u011fi sa\u011flad\u0131\u011f\u0131na i\u015faret etti.<\/p>\n<p><em>\u00a0<\/em>Bakanl\u0131k Ayr\u0131ca, makineli t\u00fcfek ekiplerinin indirme kuvvetlerinin operasyonlar\u0131na kat\u0131ld\u0131\u011f\u0131na ve d\u00fc\u015fman keskin ni\u015fanc\u0131lar\u0131n mevkilerini vurmak i\u00e7in \u00e7al\u0131\u015ft\u0131klar\u0131na i\u015faret etti.<\/p>\n<p><a class=\"oajrlxb2 g5ia77u1 qu0x051f esr5mh6w e9989ue4 r7d6kgcz rq0escxv nhd2j8a9 nc684nl6 p7hjln8o kvgmc6g5 cxmmr5t8 oygrvhab hcukyx3x jb3vyjys rz4wbd8a qt6c0cv9 a8nywdso i1ao9s8h esuyzwwr f1sip0of lzcic4wl gpro0wi8 q66pz984 b1v8xokw\" tabindex=\"0\" role=\"link\" href=\"https:\/\/www.facebook.com\/hashtag\/telegram_kanal%C4%B1m%C4%B1z?__eep__=6&amp;__cft__[0]=AZV9pZa9BXNRUTFrN8f87H6hApqZFXI_MhAiYSxaqk6kKx4odkkbQdR_QW0OFvXsV0i3aTOMgkf_ZiYjDvQYAQoQKJqBSoCp_KgDCBTgdiRuDRRT12rGkaMTeg5yYRJj7qoxnbtPdhqKE81BohfSlv6o&amp;__tn__=*NK-R\">#Telegram_Kanal\u0131m\u0131z<\/a>: <a class=\"oajrlxb2 g5ia77u1 qu0x051f esr5mh6w e9989ue4 r7d6kgcz rq0escxv nhd2j8a9 nc684nl6 p7hjln8o kvgmc6g5 cxmmr5t8 oygrvhab hcukyx3x jb3vyjys rz4wbd8a qt6c0cv9 a8nywdso i1ao9s8h esuyzwwr f1sip0of lzcic4wl gpro0wi8 py34i1dx\" tabindex=\"0\" role=\"link\" href=\"https:\/\/t.me\/SuriyeArapHaberAjans?fbclid=IwAR08KjKWN2tvR5A-bqm4rnwd5zHaY_wMuubr5ndbGdTbm9t7OIueJOYjwdw\" target=\"_blank\" rel=\"nofollow noopener\">https:\/\/t.me\/SuriyeArapHaberAjans<\/a><\/p>\n<p><iframe loading=\"lazy\" title=\"YouTube video player\" src=\"https:\/\/www.youtube.com\/embed\/5e8Zwx1bVKw\" width=\"620\" height=\"347\" frameborder=\"0\" allowfullscreen=\"allowfullscreen\"><\/iframe><\/p>\n","protected":false},"excerpt":{"rendered":"<p>MOSKOVA \u2013 Rusya Savunma Bakanl\u0131\u011f\u0131, Donbass&#8217;\u0131 korumak i\u00e7in \u00f6zel askeri operasyonun kapsam\u0131nda Rus hava indirme kuvvetlerinin muharebe operasyonlar\u0131na ili\u015fkin videolar yay\u0131nlad\u0131. Bakanl\u0131k, Hava indirme kuvvetlerinin birimleri, d\u00fc\u015fman\u0131n sava\u015fma alanlar\u0131n\u0131 imha etti\u011fini belirtirken, havan toplar\u0131 ve muharebe ara\u00e7lar\u0131 ekiplerinin de onlara ate\u015f deste\u011fi sa\u011flad\u0131\u011f\u0131na i\u015faret etti. \u00a0Bakanl\u0131k Ayr\u0131ca, makineli t\u00fcfek ekiplerinin indirme kuvvetlerinin operasyonlar\u0131na kat\u0131ld\u0131\u011f\u0131na ve &hellip;<\/p>\n","protected":false},"author":39,"featured_media":254923,"comment_status":"closed","ping_status":"closed","sticky":false,"template":"","format":"standard","meta":{"footnotes":""},"categories":[458,459,17988],"tags":[],"class_list":["post-254922","post","type-post","status-publish","format-standard","has-post-thumbnail","","category-dunya1","category-haberler-arap-uluslararasi-politika","category-son-haberler"],"_links":{"self":[{"href":"https:\/\/archive.sana.sy\/tr\/index.php?rest_route=\/wp\/v2\/posts\/254922","targetHints":{"allow":["GET"]}}],"collection":[{"href":"https:\/\/archive.sana.sy\/tr\/index.php?rest_route=\/wp\/v2\/posts"}],"about":[{"href":"https:\/\/archive.sana.sy\/tr\/index.php?rest_route=\/wp\/v2\/types\/post"}],"author":[{"embeddable":true,"href":"https:\/\/archive.sana.sy\/tr\/index.php?rest_route=\/wp\/v2\/users\/39"}],"replies":[{"embeddable":true,"href":"https:\/\/archive.sana.sy\/tr\/index.php?rest_route=%2Fwp%2Fv2%2Fcomments&post=254922"}],"version-history":[{"count":0,"href":"https:\/\/archive.sana.sy\/tr\/index.php?rest_route=\/wp\/v2\/posts\/254922\/revisions"}],"wp:featuredmedia":[{"embeddable":true,"href":"https:\/\/archive.sana.sy\/tr\/index.php?rest_route=\/wp\/v2\/media\/254923"}],"wp:attachment":[{"href":"https:\/\/archive.sana.sy\/tr\/index.php?rest_route=%2Fwp%2Fv2%2Fmedia&parent=254922"}],"wp:term":[{"taxonomy":"category","embeddable":true,"href":"https:\/\/archive.sana.sy\/tr\/index.php?rest_route=%2Fwp%2Fv2%2Fcategories&post=254922"},{"taxonomy":"post_tag","embeddable":true,"href":"https:\/\/archive.sana.sy\/tr\/index.php?rest_route=%2Fwp%2Fv2%2Ftags&post=254922"}],"curies":[{"name":"wp","href":"https:\/\/api.w.org\/{rel}","templated":true}]}}