{"id":254933,"date":"2022-05-14T12:30:48","date_gmt":"2022-05-14T09:30:48","guid":{"rendered":"http:\/\/107.6.182.27\/tr\/?p=254933"},"modified":"2022-05-15T08:23:04","modified_gmt":"2022-05-15T05:23:04","slug":"seyh-muhamed-bin-zayid-al-nheyyan-bae-devlet-baskani-olarak-secildi","status":"publish","type":"post","link":"https:\/\/archive.sana.sy\/tr\/?p=254933","title":{"rendered":"\u015eeyh Muhamed Bin Zayid Al Nheyyan BAE Devlet Ba\u015fkan\u0131 Olarak Se\u00e7ildi"},"content":{"rendered":"<p style=\"text-align: justify;\">ABU DAB\u0130 &#8211; Birle\u015fik Arap Emirlikleri&#8217;ndeki Birlik Y\u00fcksek Konseyi bug\u00fcn oybirli\u011fiyle \u015eeyh Muhammed bin Zay\u0130d Al Nheyyan&#8217;\u0131 Devlet Ba\u015fkan\u0131 olarak se\u00e7ti.<\/p>\n<p style=\"text-align: justify;\">Emirlik Haber Ajans\u0131, Konseyin bug\u00fcn Abu Dabi&#8217;deki &#8220;Al Mushrif Saray\u0131&#8221;nda Emirlik y\u00f6neticilerinin kat\u0131l\u0131m\u0131yla bir toplant\u0131 yapt\u0131\u011f\u0131n\u0131 ve Anayasa&#8217;n\u0131n 51. Maddesine g\u00f6re \u015eeyh Muhammed bin Zayid Al Nheyyan&#8217;\u0131n oybirli\u011fiyle merhum \u015eeyh Halife bin Zayid Al Nheyyan&#8217;\u0131n halefi olarak Devlet Ba\u015fkan\u0131 se\u00e7ildi\u011fini belirtti.<\/p>\n<p style=\"text-align: justify;\">Konsey, BAE halk\u0131n\u0131n her zaman oldu\u011fu gibi, Birli\u011fin ve kazan\u0131mlar\u0131n\u0131n her d\u00fczeyde sad\u0131k bir koruyucusu olarak kalaca\u011f\u0131na olan tam g\u00fcvenini ifade ederken, Bin Zayid, Konsey taraf\u0131ndan kendisine duyulan g\u00fcven i\u00e7in takdirini dile getirdi.<\/p>\n","protected":false},"excerpt":{"rendered":"<p>ABU DAB\u0130 &#8211; Birle\u015fik Arap Emirlikleri&#8217;ndeki Birlik Y\u00fcksek Konseyi bug\u00fcn oybirli\u011fiyle \u015eeyh Muhammed bin Zay\u0130d Al Nheyyan&#8217;\u0131 Devlet Ba\u015fkan\u0131 olarak se\u00e7ti. Emirlik Haber Ajans\u0131, Konseyin bug\u00fcn Abu Dabi&#8217;deki &#8220;Al Mushrif Saray\u0131&#8221;nda Emirlik y\u00f6neticilerinin kat\u0131l\u0131m\u0131yla bir toplant\u0131 yapt\u0131\u011f\u0131n\u0131 ve Anayasa&#8217;n\u0131n 51. Maddesine g\u00f6re \u015eeyh Muhammed bin Zayid Al Nheyyan&#8217;\u0131n oybirli\u011fiyle merhum \u015eeyh Halife bin Zayid Al &hellip;<\/p>\n","protected":false},"author":1,"featured_media":254935,"comment_status":"closed","ping_status":"closed","sticky":false,"template":"","format":"standard","meta":{"footnotes":""},"categories":[458,459,17988],"tags":[],"class_list":["post-254933","post","type-post","status-publish","format-standard","has-post-thumbnail","","category-dunya1","category-haberler-arap-uluslararasi-politika","category-son-haberler"],"_links":{"self":[{"href":"https:\/\/archive.sana.sy\/tr\/index.php?rest_route=\/wp\/v2\/posts\/254933","targetHints":{"allow":["GET"]}}],"collection":[{"href":"https:\/\/archive.sana.sy\/tr\/index.php?rest_route=\/wp\/v2\/posts"}],"about":[{"href":"https:\/\/archive.sana.sy\/tr\/index.php?rest_route=\/wp\/v2\/types\/post"}],"author":[{"embeddable":true,"href":"https:\/\/archive.sana.sy\/tr\/index.php?rest_route=\/wp\/v2\/users\/1"}],"replies":[{"embeddable":true,"href":"https:\/\/archive.sana.sy\/tr\/index.php?rest_route=%2Fwp%2Fv2%2Fcomments&post=254933"}],"version-history":[{"count":0,"href":"https:\/\/archive.sana.sy\/tr\/index.php?rest_route=\/wp\/v2\/posts\/254933\/revisions"}],"wp:featuredmedia":[{"embeddable":true,"href":"https:\/\/archive.sana.sy\/tr\/index.php?rest_route=\/wp\/v2\/media\/254935"}],"wp:attachment":[{"href":"https:\/\/archive.sana.sy\/tr\/index.php?rest_route=%2Fwp%2Fv2%2Fmedia&parent=254933"}],"wp:term":[{"taxonomy":"category","embeddable":true,"href":"https:\/\/archive.sana.sy\/tr\/index.php?rest_route=%2Fwp%2Fv2%2Fcategories&post=254933"},{"taxonomy":"post_tag","embeddable":true,"href":"https:\/\/archive.sana.sy\/tr\/index.php?rest_route=%2Fwp%2Fv2%2Ftags&post=254933"}],"curies":[{"name":"wp","href":"https:\/\/api.w.org\/{rel}","templated":true}]}}