{"id":254968,"date":"2022-05-15T07:50:28","date_gmt":"2022-05-15T04:50:28","guid":{"rendered":"http:\/\/107.6.182.27\/tr\/?p=254968"},"modified":"2022-05-16T08:22:57","modified_gmt":"2022-05-16T05:22:57","slug":"golan-halki-yerlesim-turbinleri-planina-karsi-protesto-gosterisu-duzenledi","status":"publish","type":"post","link":"https:\/\/archive.sana.sy\/tr\/?p=254968","title":{"rendered":"Golan Halk\u0131 Yerle\u015fim T\u00fcrbinleri Plan\u0131na Kar\u015f\u0131 Protesto G\u00f6steris\u00fc D\u00fczenledi"},"content":{"rendered":"<p>\u0130\u015eGAL ED\u0130LEN SUR\u0130YEL\u0130 GOLAN &#8211; \u0130srail i\u015fgalinin Yahudile\u015ftirme plan\u0131na kar\u015f\u0131 tar\u0131m arazilerine r\u00fczgar t\u00fcrbinleri kurma plan\u0131na kar\u015f\u0131 ulusal protesto faaliyetleri \u00e7er\u00e7evesinde, i\u015fgal edilen Suriyeli Golan&#8217;daki Mecdel \u015eems, Mas&#8217;ada, Bak&#8217;atha ve Ayn K\u0131nye&#8217;nin kararl\u0131 k\u00f6ylerinin sakinlerine ait, Sahita, Al Hafair ve Al Manfuha&#8217;daki el koyma tehdidi alt\u0131ndaki topraklara ula\u015fmak i\u00e7in bir protesto g\u00f6sterisi d\u00fczenledi.<\/p>\n<p><img loading=\"lazy\" decoding=\"async\" class=\"size-medium wp-image-254990 alignright\" src=\"http:\/\/107.6.182.27\/tr\/wp-content\/uploads\/2022\/05\/6-12-211x300.jpg\" alt=\"\" width=\"211\" height=\"300\" srcset=\"https:\/\/archive.sana.sy\/tr\/wp-content\/uploads\/2022\/05\/6-12-211x300.jpg 211w, https:\/\/archive.sana.sy\/tr\/wp-content\/uploads\/2022\/05\/6-12-106x150.jpg 106w, https:\/\/archive.sana.sy\/tr\/wp-content\/uploads\/2022\/05\/6-12.jpg 387w\" sizes=\"auto, (max-width: 211px) 100vw, 211px\" \/>\u0130\u015fgal edilen Suriyeli Golan&#8217;daki SANA muhabiri, Golan halk\u0131n\u0131n kasaba ve k\u00f6ylerinden gelen arabalarla bir grup s\u00fcvari e\u015fli\u011finde protesto g\u00f6sterisi d\u00fczenleyerek El Masnaa b\u00f6lgesine ula\u015ft\u0131\u011f\u0131n\u0131, ard\u0131ndan elma ve kiraz bah\u00e7eleri aras\u0131nda \u00a0Suriye ulusal bayraklar\u0131n\u0131 ve \u00a0Siyonist d\u00fczeni k\u0131nayan pankartlar ta\u015f\u0131yarak y\u00fcr\u00fcd\u00fcklerini belirtti.<\/p>\n<p>\u0130\u015fgal edilen Suriyeli Golan halk\u0131, topraklar\u0131ndaki herhangi bir Siyonist projeyi reddettiklerini, buna her \u015fekilde direnmeye haz\u0131r olduklar\u0131n\u0131, anavatanlar\u0131 Suriye&#8217;ye aidiyetlerine ve Suriyeli Arap kimli\u011fine ba\u011fl\u0131 kald\u0131klar\u0131n\u0131 yinelediler.<\/p>\n<div id='gallery-1' class='gallery galleryid-254968 gallery-columns-2 gallery-size-full'><figure class='gallery-item'>\n\t\t\t<div class='gallery-icon landscape'>\n\t\t\t\t<a href='https:\/\/archive.sana.sy\/tr\/wp-content\/uploads\/2022\/05\/50-7.jpg'><img loading=\"lazy\" decoding=\"async\" width=\"660\" height=\"440\" src=\"https:\/\/archive.sana.sy\/tr\/wp-content\/uploads\/2022\/05\/50-7.jpg\" class=\"attachment-full size-full\" alt=\"\" srcset=\"https:\/\/archive.sana.sy\/tr\/wp-content\/uploads\/2022\/05\/50-7.jpg 660w, https:\/\/archive.sana.sy\/tr\/wp-content\/uploads\/2022\/05\/50-7-300x200.jpg 300w, https:\/\/archive.sana.sy\/tr\/wp-content\/uploads\/2022\/05\/50-7-150x100.jpg 150w\" sizes=\"auto, (max-width: 660px) 100vw, 660px\" \/><\/a>\n\t\t\t<\/div><\/figure><figure class='gallery-item'>\n\t\t\t<div class='gallery-icon landscape'>\n\t\t\t\t<a href='https:\/\/archive.sana.sy\/tr\/wp-content\/uploads\/2022\/05\/52.jpg'><img loading=\"lazy\" decoding=\"async\" width=\"660\" height=\"440\" src=\"https:\/\/archive.sana.sy\/tr\/wp-content\/uploads\/2022\/05\/52.jpg\" class=\"attachment-full size-full\" alt=\"\" srcset=\"https:\/\/archive.sana.sy\/tr\/wp-content\/uploads\/2022\/05\/52.jpg 660w, https:\/\/archive.sana.sy\/tr\/wp-content\/uploads\/2022\/05\/52-300x200.jpg 300w, https:\/\/archive.sana.sy\/tr\/wp-content\/uploads\/2022\/05\/52-150x100.jpg 150w\" sizes=\"auto, (max-width: 660px) 100vw, 660px\" \/><\/a>\n\t\t\t<\/div><\/figure>\n\t\t<\/div>\n\n","protected":false},"excerpt":{"rendered":"<p>\u0130\u015eGAL ED\u0130LEN SUR\u0130YEL\u0130 GOLAN &#8211; \u0130srail i\u015fgalinin Yahudile\u015ftirme plan\u0131na kar\u015f\u0131 tar\u0131m arazilerine r\u00fczgar t\u00fcrbinleri kurma plan\u0131na kar\u015f\u0131 ulusal protesto faaliyetleri \u00e7er\u00e7evesinde, i\u015fgal edilen Suriyeli Golan&#8217;daki Mecdel \u015eems, Mas&#8217;ada, Bak&#8217;atha ve Ayn K\u0131nye&#8217;nin kararl\u0131 k\u00f6ylerinin sakinlerine ait, Sahita, Al Hafair ve Al Manfuha&#8217;daki el koyma tehdidi alt\u0131ndaki topraklara ula\u015fmak i\u00e7in bir protesto g\u00f6sterisi d\u00fczenledi. \u0130\u015fgal edilen &hellip;<\/p>\n","protected":false},"author":36,"featured_media":254993,"comment_status":"closed","ping_status":"closed","sticky":false,"template":"","format":"standard","meta":{"footnotes":""},"categories":[479,17988,478],"tags":[],"class_list":["post-254968","post","type-post","status-publish","format-standard","has-post-thumbnail","","category-haberler-yerel","category-son-haberler","category-yerel"],"_links":{"self":[{"href":"https:\/\/archive.sana.sy\/tr\/index.php?rest_route=\/wp\/v2\/posts\/254968","targetHints":{"allow":["GET"]}}],"collection":[{"href":"https:\/\/archive.sana.sy\/tr\/index.php?rest_route=\/wp\/v2\/posts"}],"about":[{"href":"https:\/\/archive.sana.sy\/tr\/index.php?rest_route=\/wp\/v2\/types\/post"}],"author":[{"embeddable":true,"href":"https:\/\/archive.sana.sy\/tr\/index.php?rest_route=\/wp\/v2\/users\/36"}],"replies":[{"embeddable":true,"href":"https:\/\/archive.sana.sy\/tr\/index.php?rest_route=%2Fwp%2Fv2%2Fcomments&post=254968"}],"version-history":[{"count":0,"href":"https:\/\/archive.sana.sy\/tr\/index.php?rest_route=\/wp\/v2\/posts\/254968\/revisions"}],"wp:featuredmedia":[{"embeddable":true,"href":"https:\/\/archive.sana.sy\/tr\/index.php?rest_route=\/wp\/v2\/media\/254993"}],"wp:attachment":[{"href":"https:\/\/archive.sana.sy\/tr\/index.php?rest_route=%2Fwp%2Fv2%2Fmedia&parent=254968"}],"wp:term":[{"taxonomy":"category","embeddable":true,"href":"https:\/\/archive.sana.sy\/tr\/index.php?rest_route=%2Fwp%2Fv2%2Fcategories&post=254968"},{"taxonomy":"post_tag","embeddable":true,"href":"https:\/\/archive.sana.sy\/tr\/index.php?rest_route=%2Fwp%2Fv2%2Ftags&post=254968"}],"curies":[{"name":"wp","href":"https:\/\/api.w.org\/{rel}","templated":true}]}}