{"id":25505,"date":"2015-03-03T18:21:22","date_gmt":"2015-03-03T16:21:22","guid":{"rendered":"http:\/\/www.sana.sy\/tr\/?p=25505"},"modified":"2015-03-03T18:21:22","modified_gmt":"2015-03-03T16:21:22","slug":"halk-meclisi-elektrik-bakanliginin-performansini-tartisti","status":"publish","type":"post","link":"https:\/\/archive.sana.sy\/tr\/?p=25505","title":{"rendered":"Halk Meclisi Elektrik Bakanl\u0131\u011f\u0131n\u0131n Performans\u0131n\u0131 Tart\u0131\u015ft\u0131"},"content":{"rendered":"<p>\u015eAM \u2013 Halk Meclisi Ba\u015fkan\u0131 Muhammed Cihat el Lahham ba\u015fkanl\u0131\u011f\u0131nda toplana Halk Meclisi, \u00fclkede ya\u015fanmakta olan kriz g\u00f6lgesinde Elektrik Bakanl\u0131\u011f\u0131n\u0131n sergiledi\u011fi performans\u0131 ve b\u00fct\u00fcn b\u00f6lgelere s\u00fcrekli elektrik ula\u015ft\u0131rma y\u00f6n\u00fcndeki \u00e7al\u0131\u015fmalar\u0131 tart\u0131\u015ft\u0131.<\/p>\n<p>Elektrik Bakan\u0131 \u0130mad Hamis\u2019in bakanl\u0131\u011f\u0131n \u00e7al\u0131\u015fmalar\u0131na ili\u015fkin ayr\u0131nt\u0131l\u0131 bir anlat\u0131m sundu\u011fu toplant\u0131da, silahl\u0131 ter\u00f6r gruplar\u0131n\u0131n elektrik \u015febekelerini ve petrol boru hatlar\u0131n\u0131 hedef alan ve ard\u0131 arkas\u0131 kesilmeyen sald\u0131r\u0131lar\u0131 sonucu hasar g\u00f6ren y\u00fcksek gerilim hatlar\u0131n\u0131n m\u00fcmk\u00fcn olan en h\u0131zl\u0131 \u015fekilde onar\u0131ld\u0131\u011f\u0131n\u0131 ve yeniden hizmete a\u00e7\u0131ld\u0131\u011f\u0131n\u0131 beyan etti.<\/p>\n<p>Elektrik santrallerini besleyen do\u011falgaz boru hatlar\u0131n\u0131 hedef alan ter\u00f6r sald\u0131r\u0131lar\u0131n\u0131n son iki g\u00fcnd\u00fcr ciddi bir enerji s\u0131k\u0131nt\u0131s\u0131na neden oldu\u011funa i\u015faret eden Hamis; ter\u00f6r sald\u0131r\u0131lar\u0131n\u0131n toplam 54 boru hatt\u0131n\u0131n 40\u2019\u0131n\u0131 tahrip etmeleri sonucu elektrik tasarrufu s\u00fcrelerinin uzad\u0131\u011f\u0131n\u0131 belirtti.<\/p>\n<p>Hamis; hasar g\u00f6ren do\u011falgaz hatlar\u0131n\u0131n onar\u0131m \u00e7al\u0131\u015fmalar\u0131n\u0131n s\u00fcrd\u00fc\u011f\u00fcn\u00fc ve en k\u0131sa s\u00fcrede yeniden hizmete a\u00e7\u0131laca\u011f\u0131n\u0131 beyan etti.<\/p>\n<p>F.B. &#8211; M.M.<\/p>\n","protected":false},"excerpt":{"rendered":"<p>\u015eAM \u2013 Halk Meclisi Ba\u015fkan\u0131 Muhammed Cihat el Lahham ba\u015fkanl\u0131\u011f\u0131nda toplana Halk Meclisi, \u00fclkede ya\u015fanmakta olan kriz g\u00f6lgesinde Elektrik Bakanl\u0131\u011f\u0131n\u0131n sergiledi\u011fi performans\u0131 ve b\u00fct\u00fcn b\u00f6lgelere s\u00fcrekli elektrik ula\u015ft\u0131rma y\u00f6n\u00fcndeki \u00e7al\u0131\u015fmalar\u0131 tart\u0131\u015ft\u0131. Elektrik Bakan\u0131 \u0130mad Hamis\u2019in bakanl\u0131\u011f\u0131n \u00e7al\u0131\u015fmalar\u0131na ili\u015fkin ayr\u0131nt\u0131l\u0131 bir anlat\u0131m sundu\u011fu toplant\u0131da, silahl\u0131 ter\u00f6r gruplar\u0131n\u0131n elektrik \u015febekelerini ve petrol boru hatlar\u0131n\u0131 hedef alan ve &hellip;<\/p>\n","protected":false},"author":1,"featured_media":25506,"comment_status":"closed","ping_status":"closed","sticky":false,"template":"","format":"standard","meta":{"footnotes":""},"categories":[479,478],"tags":[12140,12141,12142],"class_list":["post-25505","post","type-post","status-publish","format-standard","has-post-thumbnail","","category-haberler-yerel","category-yerel","tag-halk-meclisi-elektrik-bakanliginin-performansini-tartisti","tag-sam-halk-meclisi-baskani-muhammed-cihat-el-lahham-baskanliginda-toplana-halk-meclisi","tag-ulkede-yasanmakta-olan-kriz-golgesinde-elektrik-bakanliginin-sergiledigi-performansi-ve-butun-bolgelere-surekli-elektrik-ulastirma-yonundeki-calismalari-tartisti"],"_links":{"self":[{"href":"https:\/\/archive.sana.sy\/tr\/index.php?rest_route=\/wp\/v2\/posts\/25505","targetHints":{"allow":["GET"]}}],"collection":[{"href":"https:\/\/archive.sana.sy\/tr\/index.php?rest_route=\/wp\/v2\/posts"}],"about":[{"href":"https:\/\/archive.sana.sy\/tr\/index.php?rest_route=\/wp\/v2\/types\/post"}],"author":[{"embeddable":true,"href":"https:\/\/archive.sana.sy\/tr\/index.php?rest_route=\/wp\/v2\/users\/1"}],"replies":[{"embeddable":true,"href":"https:\/\/archive.sana.sy\/tr\/index.php?rest_route=%2Fwp%2Fv2%2Fcomments&post=25505"}],"version-history":[{"count":0,"href":"https:\/\/archive.sana.sy\/tr\/index.php?rest_route=\/wp\/v2\/posts\/25505\/revisions"}],"wp:featuredmedia":[{"embeddable":true,"href":"https:\/\/archive.sana.sy\/tr\/index.php?rest_route=\/wp\/v2\/media\/25506"}],"wp:attachment":[{"href":"https:\/\/archive.sana.sy\/tr\/index.php?rest_route=%2Fwp%2Fv2%2Fmedia&parent=25505"}],"wp:term":[{"taxonomy":"category","embeddable":true,"href":"https:\/\/archive.sana.sy\/tr\/index.php?rest_route=%2Fwp%2Fv2%2Fcategories&post=25505"},{"taxonomy":"post_tag","embeddable":true,"href":"https:\/\/archive.sana.sy\/tr\/index.php?rest_route=%2Fwp%2Fv2%2Ftags&post=25505"}],"curies":[{"name":"wp","href":"https:\/\/api.w.org\/{rel}","templated":true}]}}