{"id":25508,"date":"2015-03-03T19:24:22","date_gmt":"2015-03-03T17:24:22","guid":{"rendered":"http:\/\/www.sana.sy\/tr\/?p=25508"},"modified":"2015-03-03T19:24:22","modified_gmt":"2015-03-03T17:24:22","slug":"kamisli-hastanesine-25-ton-ilac-gonderildi","status":"publish","type":"post","link":"https:\/\/archive.sana.sy\/tr\/?p=25508","title":{"rendered":"Kam\u0131\u015fl\u0131 Hastanesine 2,5 Ton \u0130la\u00e7 G\u00f6nderildi"},"content":{"rendered":"<p>HASEKE \u2013 Haseke iline tabi Kam\u0131\u015fl\u0131 Kentinde Devlet Hastanesi bug\u00fcn vatanda\u015flara hizmet kalitesini y\u00fckseltme amac\u0131yla Suriye h\u00fck\u00fcmetinin yard\u0131mlar\u0131yla UNICEF taraf\u0131ndan g\u00f6nderilen 2,5 ton ila\u00e7 teslim ald\u0131.<\/p>\n<p>UNICEF\u2019in Suriye Temsilcisi Hena Sencer hastaneye teslim edilen ila\u00e7lar\u0131n aras\u0131nda do\u011fum ameliyatlar\u0131 ila\u00e7lar\u0131, serum, acil servis ila\u00e7lar\u0131 ve 3 ayl\u0131k s\u00fcreye yeterli daha muhtelif t\u00fcr nitelikli ila\u00e7lar i\u00e7erdi\u011fini a\u00e7\u0131klad\u0131.<\/p>\n<p>Sencer \u00f6n\u00fcm\u00fczdeki k\u0131sa bir s\u00fcre i\u00e7inde Haseke\u2019de \u00e7ocuk hastaneleri ve di\u011fer hastanelere daha b\u00fcy\u00fck bir miktar ila\u00e7 teslim edilece\u011fini a\u00e7\u0131klad\u0131.<\/p>\n<p>A.A. &#8211; M.M.<\/p>\n","protected":false},"excerpt":{"rendered":"<p>HASEKE \u2013 Haseke iline tabi Kam\u0131\u015fl\u0131 Kentinde Devlet Hastanesi bug\u00fcn vatanda\u015flara hizmet kalitesini y\u00fckseltme amac\u0131yla Suriye h\u00fck\u00fcmetinin yard\u0131mlar\u0131yla UNICEF taraf\u0131ndan g\u00f6nderilen 2,5 ton ila\u00e7 teslim ald\u0131. UNICEF\u2019in Suriye Temsilcisi Hena Sencer hastaneye teslim edilen ila\u00e7lar\u0131n aras\u0131nda do\u011fum ameliyatlar\u0131 ila\u00e7lar\u0131, serum, acil servis ila\u00e7lar\u0131 ve 3 ayl\u0131k s\u00fcreye yeterli daha muhtelif t\u00fcr nitelikli ila\u00e7lar i\u00e7erdi\u011fini a\u00e7\u0131klad\u0131. &hellip;<\/p>\n","protected":false},"author":1,"featured_media":25509,"comment_status":"closed","ping_status":"closed","sticky":false,"template":"","format":"standard","meta":{"footnotes":""},"categories":[479,478],"tags":[12144,12146,12145,12143],"class_list":["post-25508","post","type-post","status-publish","format-standard","has-post-thumbnail","","category-haberler-yerel","category-yerel","tag-5-ton-ilac-gonderildi","tag-5-ton-ilac-teslim-aldi","tag-haseke-haseke-iline-tabi-kamisli-kentinde-devlet-hastanesi-bugun-vatandaslara-hizmet-kalitesini-yukseltme-amaciyla-suriye-hukumetinin-yardimlariyla-unicef-tarafindan-gonderilen-2","tag-kamisli-hastanesine-2"],"_links":{"self":[{"href":"https:\/\/archive.sana.sy\/tr\/index.php?rest_route=\/wp\/v2\/posts\/25508","targetHints":{"allow":["GET"]}}],"collection":[{"href":"https:\/\/archive.sana.sy\/tr\/index.php?rest_route=\/wp\/v2\/posts"}],"about":[{"href":"https:\/\/archive.sana.sy\/tr\/index.php?rest_route=\/wp\/v2\/types\/post"}],"author":[{"embeddable":true,"href":"https:\/\/archive.sana.sy\/tr\/index.php?rest_route=\/wp\/v2\/users\/1"}],"replies":[{"embeddable":true,"href":"https:\/\/archive.sana.sy\/tr\/index.php?rest_route=%2Fwp%2Fv2%2Fcomments&post=25508"}],"version-history":[{"count":0,"href":"https:\/\/archive.sana.sy\/tr\/index.php?rest_route=\/wp\/v2\/posts\/25508\/revisions"}],"wp:featuredmedia":[{"embeddable":true,"href":"https:\/\/archive.sana.sy\/tr\/index.php?rest_route=\/wp\/v2\/media\/25509"}],"wp:attachment":[{"href":"https:\/\/archive.sana.sy\/tr\/index.php?rest_route=%2Fwp%2Fv2%2Fmedia&parent=25508"}],"wp:term":[{"taxonomy":"category","embeddable":true,"href":"https:\/\/archive.sana.sy\/tr\/index.php?rest_route=%2Fwp%2Fv2%2Fcategories&post=25508"},{"taxonomy":"post_tag","embeddable":true,"href":"https:\/\/archive.sana.sy\/tr\/index.php?rest_route=%2Fwp%2Fv2%2Ftags&post=25508"}],"curies":[{"name":"wp","href":"https:\/\/api.w.org\/{rel}","templated":true}]}}