{"id":255101,"date":"2022-05-16T21:02:32","date_gmt":"2022-05-16T18:02:32","guid":{"rendered":"http:\/\/107.6.182.27\/tr\/?p=255101"},"modified":"2022-05-18T08:30:40","modified_gmt":"2022-05-18T05:30:40","slug":"sam-universitesinde-biyomedikal-muhendisligi-icin-ilk-uluslararasi-bilimsel-konferans-basladi","status":"publish","type":"post","link":"https:\/\/archive.sana.sy\/tr\/?p=255101","title":{"rendered":"\u015eam \u00dcniversitesi&#8217;nde Biyomedikal M\u00fchendisli\u011fi \u0130\u00e7in \u0130lk Uluslararas\u0131 Bilimsel Konferans Ba\u015flad\u0131"},"content":{"rendered":"<p style=\"text-align: justify;\">\u015eAM &#8211; Arap ve yabanc\u0131 kat\u0131l\u0131ml\u0131, \u015eam \u00dcniversitesi Makine ve Elektrik M\u00fchendisli\u011fi Fak\u00fcltesi taraf\u0131ndan d\u00fczenlenen Birinci Uluslararas\u0131 Biyomedikal M\u00fchendisli\u011fi Bilimsel Konferans\u0131, &#8220;Biyomedikal M\u00fchendisli\u011fi ve Sa\u011fl\u0131\u011f\u0131 Geli\u015ftirmedeki Rol\u00fc&#8221; ba\u015fl\u0131\u011f\u0131 alt\u0131nda \u00e7al\u0131\u015fmalar\u0131na bug\u00fcn ba\u015flad\u0131.<\/p>\n<p style=\"text-align: justify;\">\u00dc\u00e7 g\u00fcn boyunca s\u00fcrecek konferansa kat\u0131lanlar, t\u0131p m\u00fchendisli\u011fi alanlar\u0131ndaki \u00e7e\u015fitli eksenleri ve te\u015fhis, tedavi, \u00f6nleme, hastane y\u00f6netimi, biyoistatistik, biyomedikal malzemeler, yarat\u0131c\u0131l\u0131k ve yenilik\u00e7ilik a\u00e7\u0131s\u0131ndan sa\u011fl\u0131k hizmetlerini iyile\u015ftirmedeki rol\u00fc, di\u015f hekimli\u011fi alan\u0131nda t\u0131p m\u00fchendisli\u011fi, biyobenzerler, t\u0131bbi g\u00f6r\u00fcnt\u00fcleme ve sim\u00fclasyon Biyomekanik, protez, ortez ve t\u0131p m\u00fchendisli\u011fi ara\u015ft\u0131rmalar\u0131n\u0131 ele alacaklar.<\/p>\n","protected":false},"excerpt":{"rendered":"<p>\u015eAM &#8211; Arap ve yabanc\u0131 kat\u0131l\u0131ml\u0131, \u015eam \u00dcniversitesi Makine ve Elektrik M\u00fchendisli\u011fi Fak\u00fcltesi taraf\u0131ndan d\u00fczenlenen Birinci Uluslararas\u0131 Biyomedikal M\u00fchendisli\u011fi Bilimsel Konferans\u0131, &#8220;Biyomedikal M\u00fchendisli\u011fi ve Sa\u011fl\u0131\u011f\u0131 Geli\u015ftirmedeki Rol\u00fc&#8221; ba\u015fl\u0131\u011f\u0131 alt\u0131nda \u00e7al\u0131\u015fmalar\u0131na bug\u00fcn ba\u015flad\u0131. \u00dc\u00e7 g\u00fcn boyunca s\u00fcrecek konferansa kat\u0131lanlar, t\u0131p m\u00fchendisli\u011fi alanlar\u0131ndaki \u00e7e\u015fitli eksenleri ve te\u015fhis, tedavi, \u00f6nleme, hastane y\u00f6netimi, biyoistatistik, biyomedikal malzemeler, yarat\u0131c\u0131l\u0131k ve yenilik\u00e7ilik &hellip;<\/p>\n","protected":false},"author":1,"featured_media":255102,"comment_status":"closed","ping_status":"closed","sticky":false,"template":"","format":"standard","meta":{"footnotes":""},"categories":[479,17988,478],"tags":[],"class_list":["post-255101","post","type-post","status-publish","format-standard","has-post-thumbnail","","category-haberler-yerel","category-son-haberler","category-yerel"],"_links":{"self":[{"href":"https:\/\/archive.sana.sy\/tr\/index.php?rest_route=\/wp\/v2\/posts\/255101","targetHints":{"allow":["GET"]}}],"collection":[{"href":"https:\/\/archive.sana.sy\/tr\/index.php?rest_route=\/wp\/v2\/posts"}],"about":[{"href":"https:\/\/archive.sana.sy\/tr\/index.php?rest_route=\/wp\/v2\/types\/post"}],"author":[{"embeddable":true,"href":"https:\/\/archive.sana.sy\/tr\/index.php?rest_route=\/wp\/v2\/users\/1"}],"replies":[{"embeddable":true,"href":"https:\/\/archive.sana.sy\/tr\/index.php?rest_route=%2Fwp%2Fv2%2Fcomments&post=255101"}],"version-history":[{"count":0,"href":"https:\/\/archive.sana.sy\/tr\/index.php?rest_route=\/wp\/v2\/posts\/255101\/revisions"}],"wp:featuredmedia":[{"embeddable":true,"href":"https:\/\/archive.sana.sy\/tr\/index.php?rest_route=\/wp\/v2\/media\/255102"}],"wp:attachment":[{"href":"https:\/\/archive.sana.sy\/tr\/index.php?rest_route=%2Fwp%2Fv2%2Fmedia&parent=255101"}],"wp:term":[{"taxonomy":"category","embeddable":true,"href":"https:\/\/archive.sana.sy\/tr\/index.php?rest_route=%2Fwp%2Fv2%2Fcategories&post=255101"},{"taxonomy":"post_tag","embeddable":true,"href":"https:\/\/archive.sana.sy\/tr\/index.php?rest_route=%2Fwp%2Fv2%2Ftags&post=255101"}],"curies":[{"name":"wp","href":"https:\/\/api.w.org\/{rel}","templated":true}]}}