{"id":255107,"date":"2022-05-17T09:12:07","date_gmt":"2022-05-17T06:12:07","guid":{"rendered":"http:\/\/107.6.182.27\/tr\/?p=255107"},"modified":"2022-05-18T08:30:56","modified_gmt":"2022-05-18T05:30:56","slug":"israil-isgal-gucleri-bati-yakada-5-filistinliyi-tutukladi-8","status":"publish","type":"post","link":"https:\/\/archive.sana.sy\/tr\/?p=255107","title":{"rendered":"\u0130\u015fgalci \u0130srail Bat\u0131 Yaka&#8217;da 16 Filistinliyi Tutuklad\u0131"},"content":{"rendered":"<p>\u0130\u015eGAL ED\u0130LEN KUD\u00dcS &#8211; \u0130\u015fgalci \u0130srail g\u00fc\u00e7leri bug\u00fcn, Bat\u0131 Yaka&#8217;n\u0131n farkl\u0131 b\u00f6lgelerinde on alt\u0131 Filistinliyi tutuklad\u0131.<\/p>\n<p>WAFA Haber Ajans\u0131, i\u015fgal g\u00fc\u00e7lerinin El Halil&#8217;deki Halhul, Cenin&#8217;deki Barta&#8217;a ve el Seylat El Harisiyye, Selfit&#8217;teki Karavat Beni Hassan, Dhey\u015fe ve Ayda kamplar\u0131, Beyt Lahm&#8217;daki Housan k\u00f6y\u00fc ve Tobas&#8217;taki Al Fari&#8217;a kamp\u0131na bask\u0131n d\u00fczenledi\u011fini ve on alt\u0131 Filistinliyi tutuklad\u0131\u011f\u0131n\u0131 bildirdi.<\/p>\n<p>D\u00fcn de i\u015fgal g\u00fc\u00e7leri, \u015fehit Velid Al \u015eerif&#8217;in cenaze t\u00f6renine d\u00fczenledi\u011fi sald\u0131r\u0131da 50&#8217;si i\u015fgal alt\u0131ndaki Kud\u00fcs kentinden olmak \u00fczere 69&#8217;dan fazla Filistinliyi tutuklam\u0131\u015ft\u0131.<\/p>\n<p><span style=\"color: #00ccff;\">Bat\u0131 Yaka&#8217;da \u0130\u015fgalcilerin Sald\u0131r\u0131lar\u0131 Sonucu Baz\u0131 Filistinliler Yaraland\u0131<\/span><\/p>\n<p>\u0130srail i\u015fgal g\u00fc\u00e7lerinin Bat\u0131 Yaka&#8217;n\u0131n Nablus ve El Halil kentlerinde d\u00fczenledi\u011fi sald\u0131r\u0131lar sonucu \u00e7ok say\u0131da Filistinli yaraland\u0131.<\/p>\n<p>WAFA, Nablus&#8217;un g\u00fcneyindeki kontrol noktalar\u0131ndan birinde konu\u015flanan i\u015fgal g\u00fc\u00e7lerinin bir Filistinli genci vurarak yaralad\u0131\u011f\u0131n\u0131 bildirdi.<\/p>\n<p>\u0130\u015fgal g\u00fc\u00e7leri ayr\u0131ca El Halil&#8217;in kuzeyindeki Beyt Amir beldesini bast\u0131 ve Filistinlilere sesli ve zehirli gaz bombalar\u0131 atarak onlarcas\u0131n\u0131n bo\u011fulma vakas\u0131na neden oldu.<\/p>\n<p>D\u00fcn gece de El Halil&#8217;deki Al Arrub m\u00fclteci kamp\u0131na i\u015fgal g\u00fc\u00e7lerinin d\u00fczenledi\u011fi bask\u0131n s\u0131ras\u0131nda onlarca ki\u015fi yaraland\u0131.<\/p>\n<p><a class=\"oajrlxb2 g5ia77u1 qu0x051f esr5mh6w e9989ue4 r7d6kgcz rq0escxv nhd2j8a9 nc684nl6 p7hjln8o kvgmc6g5 cxmmr5t8 oygrvhab hcukyx3x jb3vyjys rz4wbd8a qt6c0cv9 a8nywdso i1ao9s8h esuyzwwr f1sip0of lzcic4wl gpro0wi8 q66pz984 b1v8xokw\" tabindex=\"0\" role=\"link\" href=\"https:\/\/www.facebook.com\/hashtag\/telegram_kanal%C4%B1m%C4%B1z?__eep__=6&amp;__cft__[0]=AZVLzgfP0ShXnOHP1CCMynRnvVxqdJWqnv91KRLDcbJm1HdM3nI0heQhP_Ad-zxgZOS1uOQ9kDgCEtm0yg9SzgVJK-r0FAwsCdKkQFaAq51FQ0aL9KzTDWUJX3RmP-wPsHSAipe3PNZzFgJfDCLGt83P&amp;__tn__=*NK-R\">#Telegram_Kanal\u0131m\u0131z<\/a>: <a class=\"oajrlxb2 g5ia77u1 qu0x051f esr5mh6w e9989ue4 r7d6kgcz rq0escxv nhd2j8a9 nc684nl6 p7hjln8o kvgmc6g5 cxmmr5t8 oygrvhab hcukyx3x jb3vyjys rz4wbd8a qt6c0cv9 a8nywdso i1ao9s8h esuyzwwr f1sip0of lzcic4wl gpro0wi8 py34i1dx\" tabindex=\"0\" role=\"link\" href=\"https:\/\/t.me\/SuriyeArapHaberAjans?fbclid=IwAR3Sd31gG8yAwEocphCaaPeF66nGPq5gByZNZv9pp7U5cwMPRuQj6bRCn8s\" target=\"_blank\" rel=\"nofollow noopener\">https:\/\/t.me\/SuriyeArapHaberAjans<\/a><\/p>\n","protected":false},"excerpt":{"rendered":"<p>\u0130\u015eGAL ED\u0130LEN KUD\u00dcS &#8211; \u0130\u015fgalci \u0130srail g\u00fc\u00e7leri bug\u00fcn, Bat\u0131 Yaka&#8217;n\u0131n farkl\u0131 b\u00f6lgelerinde on alt\u0131 Filistinliyi tutuklad\u0131. WAFA Haber Ajans\u0131, i\u015fgal g\u00fc\u00e7lerinin El Halil&#8217;deki Halhul, Cenin&#8217;deki Barta&#8217;a ve el Seylat El Harisiyye, Selfit&#8217;teki Karavat Beni Hassan, Dhey\u015fe ve Ayda kamplar\u0131, Beyt Lahm&#8217;daki Housan k\u00f6y\u00fc ve Tobas&#8217;taki Al Fari&#8217;a kamp\u0131na bask\u0131n d\u00fczenledi\u011fini ve on alt\u0131 Filistinliyi tutuklad\u0131\u011f\u0131n\u0131 &hellip;<\/p>\n","protected":false},"author":39,"featured_media":255108,"comment_status":"closed","ping_status":"closed","sticky":false,"template":"","format":"standard","meta":{"footnotes":""},"categories":[458,459,17988],"tags":[],"class_list":["post-255107","post","type-post","status-publish","format-standard","has-post-thumbnail","","category-dunya1","category-haberler-arap-uluslararasi-politika","category-son-haberler"],"_links":{"self":[{"href":"https:\/\/archive.sana.sy\/tr\/index.php?rest_route=\/wp\/v2\/posts\/255107","targetHints":{"allow":["GET"]}}],"collection":[{"href":"https:\/\/archive.sana.sy\/tr\/index.php?rest_route=\/wp\/v2\/posts"}],"about":[{"href":"https:\/\/archive.sana.sy\/tr\/index.php?rest_route=\/wp\/v2\/types\/post"}],"author":[{"embeddable":true,"href":"https:\/\/archive.sana.sy\/tr\/index.php?rest_route=\/wp\/v2\/users\/39"}],"replies":[{"embeddable":true,"href":"https:\/\/archive.sana.sy\/tr\/index.php?rest_route=%2Fwp%2Fv2%2Fcomments&post=255107"}],"version-history":[{"count":0,"href":"https:\/\/archive.sana.sy\/tr\/index.php?rest_route=\/wp\/v2\/posts\/255107\/revisions"}],"wp:featuredmedia":[{"embeddable":true,"href":"https:\/\/archive.sana.sy\/tr\/index.php?rest_route=\/wp\/v2\/media\/255108"}],"wp:attachment":[{"href":"https:\/\/archive.sana.sy\/tr\/index.php?rest_route=%2Fwp%2Fv2%2Fmedia&parent=255107"}],"wp:term":[{"taxonomy":"category","embeddable":true,"href":"https:\/\/archive.sana.sy\/tr\/index.php?rest_route=%2Fwp%2Fv2%2Fcategories&post=255107"},{"taxonomy":"post_tag","embeddable":true,"href":"https:\/\/archive.sana.sy\/tr\/index.php?rest_route=%2Fwp%2Fv2%2Ftags&post=255107"}],"curies":[{"name":"wp","href":"https:\/\/api.w.org\/{rel}","templated":true}]}}