{"id":25511,"date":"2015-03-03T20:30:33","date_gmt":"2015-03-03T18:30:33","guid":{"rendered":"http:\/\/www.sana.sy\/tr\/?p=25511"},"modified":"2015-03-03T20:30:33","modified_gmt":"2015-03-03T18:30:33","slug":"mikdat-hukumet-filistin-halkinin-acilarini-hafifletme-politikasi-izliyor","status":"publish","type":"post","link":"https:\/\/archive.sana.sy\/tr\/?p=25511","title":{"rendered":"Mikdat: H\u00fck\u00fcmet Filistin Halk\u0131n\u0131n Ac\u0131lar\u0131n\u0131 Hafifletme Politikas\u0131 \u0130zliyor"},"content":{"rendered":"<p>\u015eAM \u2013 D\u0131\u015fi\u015fleri ve Gurbet\u00e7iler Bakan\u0131 Yard\u0131mc\u0131s\u0131 Faysal el Mikdat, Filistin Kurtulu\u015f \u00d6rg\u00fct\u00fc Siyasi Daire M\u00fcd\u00fcr\u00fc Enver Abd\u00fclhadi ile bir araya gelerek b\u00f6lgede ve \u00f6zellikle de Suriye&#8217;de ya\u015fanan son geli\u015fmeleri de\u011ferlendirdi.<\/p>\n<p>Suriye h\u00fck\u00fcmetinin, Filistin halk\u0131n\u0131n ac\u0131lar\u0131n\u0131 ve s\u0131k\u0131nt\u0131lar\u0131n\u0131 hafifletme \u00e7abas\u0131 i\u00e7erisinde oldu\u011funu dile getiren Mikdat; Yerm\u00fck semtindeki insani yard\u0131m \u00e7al\u0131\u015fmalar\u0131n\u0131n h\u0131zland\u0131r\u0131lmas\u0131 i\u00e7in gerekli talimatlar\u0131n verildi\u011fini vurgulad\u0131.<\/p>\n<p>\u00d6te yandan Yerm\u00fck semtinde s\u00fcren insani yard\u0131m \u00e7al\u0131\u015fmalar\u0131n\u0131n \u00f6n\u00fcm\u00fczdeki g\u00fcnlerde de s\u00fcrece\u011fini ifade eden Abd\u00fclhadi, ayr\u0131ca semtin silahlardan ve ter\u00f6ristlerden ar\u0131nd\u0131r\u0131lmas\u0131 ve semt sakinlenin g\u00fcven ve huzurla evlerine d\u00f6nmeleri i\u00e7in \u00e7abalar\u0131n devam etti\u011fini belirtti.<\/p>\n<p>F.B. &#8211; M.M.<\/p>\n","protected":false},"excerpt":{"rendered":"<p>\u015eAM \u2013 D\u0131\u015fi\u015fleri ve Gurbet\u00e7iler Bakan\u0131 Yard\u0131mc\u0131s\u0131 Faysal el Mikdat, Filistin Kurtulu\u015f \u00d6rg\u00fct\u00fc Siyasi Daire M\u00fcd\u00fcr\u00fc Enver Abd\u00fclhadi ile bir araya gelerek b\u00f6lgede ve \u00f6zellikle de Suriye&#8217;de ya\u015fanan son geli\u015fmeleri de\u011ferlendirdi. Suriye h\u00fck\u00fcmetinin, Filistin halk\u0131n\u0131n ac\u0131lar\u0131n\u0131 ve s\u0131k\u0131nt\u0131lar\u0131n\u0131 hafifletme \u00e7abas\u0131 i\u00e7erisinde oldu\u011funu dile getiren Mikdat; Yerm\u00fck semtindeki insani yard\u0131m \u00e7al\u0131\u015fmalar\u0131n\u0131n h\u0131zland\u0131r\u0131lmas\u0131 i\u00e7in gerekli talimatlar\u0131n verildi\u011fini &hellip;<\/p>\n","protected":false},"author":1,"featured_media":25514,"comment_status":"closed","ping_status":"closed","sticky":false,"template":"","format":"standard","meta":{"footnotes":""},"categories":[479,478],"tags":[12148,12147,11571],"class_list":["post-25511","post","type-post","status-publish","format-standard","has-post-thumbnail","","category-haberler-yerel","category-yerel","tag-filistin-kurtulus-orgutu-siyasi-daire-muduru-enver-abdulhadi-ile-bir-araya-gelerek-bolgede-ve-ozellikle-de-suriyede-yasanan-son-gelismeleri-degerlendirdi","tag-mikdat-hukumet-filistin-halkinin-acilarini-hafifletme-politikasi-izliyor","tag-sam-disisleri-ve-gurbetciler-bakani-yardimcisi-faysal-el-mikdat"],"_links":{"self":[{"href":"https:\/\/archive.sana.sy\/tr\/index.php?rest_route=\/wp\/v2\/posts\/25511","targetHints":{"allow":["GET"]}}],"collection":[{"href":"https:\/\/archive.sana.sy\/tr\/index.php?rest_route=\/wp\/v2\/posts"}],"about":[{"href":"https:\/\/archive.sana.sy\/tr\/index.php?rest_route=\/wp\/v2\/types\/post"}],"author":[{"embeddable":true,"href":"https:\/\/archive.sana.sy\/tr\/index.php?rest_route=\/wp\/v2\/users\/1"}],"replies":[{"embeddable":true,"href":"https:\/\/archive.sana.sy\/tr\/index.php?rest_route=%2Fwp%2Fv2%2Fcomments&post=25511"}],"version-history":[{"count":0,"href":"https:\/\/archive.sana.sy\/tr\/index.php?rest_route=\/wp\/v2\/posts\/25511\/revisions"}],"wp:featuredmedia":[{"embeddable":true,"href":"https:\/\/archive.sana.sy\/tr\/index.php?rest_route=\/wp\/v2\/media\/25514"}],"wp:attachment":[{"href":"https:\/\/archive.sana.sy\/tr\/index.php?rest_route=%2Fwp%2Fv2%2Fmedia&parent=25511"}],"wp:term":[{"taxonomy":"category","embeddable":true,"href":"https:\/\/archive.sana.sy\/tr\/index.php?rest_route=%2Fwp%2Fv2%2Fcategories&post=25511"},{"taxonomy":"post_tag","embeddable":true,"href":"https:\/\/archive.sana.sy\/tr\/index.php?rest_route=%2Fwp%2Fv2%2Ftags&post=25511"}],"curies":[{"name":"wp","href":"https:\/\/api.w.org\/{rel}","templated":true}]}}