{"id":255120,"date":"2022-05-17T12:31:08","date_gmt":"2022-05-17T09:31:08","guid":{"rendered":"http:\/\/107.6.182.27\/tr\/?p=255120"},"modified":"2022-05-19T08:17:45","modified_gmt":"2022-05-19T05:17:45","slug":"haseke-kirsalinda-abd-isgal-ussu-roketli-fuzelerle-hedef-alindi","status":"publish","type":"post","link":"https:\/\/archive.sana.sy\/tr\/?p=255120","title":{"rendered":"Haseke K\u0131rsal\u0131nda ABD \u0130\u015fgal \u00dcss\u00fc Roketli F\u00fczelerle Hedef Al\u0131nd\u0131"},"content":{"rendered":"<p>HESEKE \u2013 D\u00fcn ak\u015fam Haseke&#8217;nin g\u00fcney k\u0131rsal\u0131ndaki El \u015eeddadi b\u00f6lgesindeki ABD i\u015fgal \u00fcss\u00fc birka\u00e7 Roketli F\u00fczeyle hedef al\u0131nd\u0131.<\/p>\n<p>Haseke\u2019deki Yerel Kaynaklar SANA Muhabirine a\u00e7\u0131klamalar\u0131nda, Haseke\u2019nin g\u00fcney k\u0131rsal\u0131ndaki El \u015eeddadi b\u00f6lgesindeki ABD i\u015fgal \u00fcss\u00fcn\u00fcn birka\u00e7 roketli f\u00fczeyle hedef al\u0131nd\u0131\u011f\u0131n\u0131 belirtti.<\/p>\n<p>Kaynak ayr\u0131ca, roketli f\u00fczelerden birinin ABD i\u015fgal \u00fcss\u00fcn\u00fcn havaalan\u0131n\u0131n bulundu\u011fu El Cabsa konutlar\u0131n\u0131 hedef ald\u0131\u011f\u0131n\u0131, bir di\u011fer roketli f\u00fczenin ise, Amerikan i\u015fgal g\u00fc\u00e7leri taraf\u0131ndan kendisiyle ba\u011flant\u0131l\u0131 &#8220;DSG&#8221; milislerine insans\u0131z hava arac\u0131 \u00a0\u00fcretmek i\u00e7in kulland\u0131\u011f\u0131 el Cabsa Sahalar\u0131 M\u00fcd\u00fcrl\u00fc\u011f\u00fc&#8217;n\u00fcn karargah\u0131n\u0131 hedef ald\u0131\u011f\u0131na dikkat \u00e7ekti.<\/p>\n<p><a class=\"oajrlxb2 g5ia77u1 qu0x051f esr5mh6w e9989ue4 r7d6kgcz rq0escxv nhd2j8a9 nc684nl6 p7hjln8o kvgmc6g5 cxmmr5t8 oygrvhab hcukyx3x jb3vyjys rz4wbd8a qt6c0cv9 a8nywdso i1ao9s8h esuyzwwr f1sip0of lzcic4wl gpro0wi8 q66pz984 b1v8xokw\" tabindex=\"0\" role=\"link\" href=\"https:\/\/www.facebook.com\/hashtag\/telegram_kanal%C4%B1m%C4%B1z?__eep__=6&amp;__cft__[0]=AZWkslvl2Wy_gAS76q78JxhX2ncRePVXNvam4MBGERNMhIDAxEC7f8QS6ZQRRvaZ1BJ0o8lf_XzB49I-edIlUZDuT7zvxVSMtbVEiWPfKYvWJVuu6YQIVziYUKsTgVnbQ6QtlUMGOVbEjoXJooEKKp04&amp;__tn__=*NK-R\">#Telegram_Kanal\u0131m\u0131z<\/a>: <a class=\"oajrlxb2 g5ia77u1 qu0x051f esr5mh6w e9989ue4 r7d6kgcz rq0escxv nhd2j8a9 nc684nl6 p7hjln8o kvgmc6g5 cxmmr5t8 oygrvhab hcukyx3x jb3vyjys rz4wbd8a qt6c0cv9 a8nywdso i1ao9s8h esuyzwwr f1sip0of lzcic4wl gpro0wi8 py34i1dx\" tabindex=\"0\" role=\"link\" href=\"https:\/\/l.facebook.com\/l.php?u=https%3A%2F%2Ft.me%2FSuriyeArapHaberAjans%3Ffbclid%3DIwAR3vTTJpIpoyVKhyrJEfGP4nCAO9m-3eGdsnG7VaXdw-nbUfDuh9AJt_f0k&amp;h=AT3f9DnDyJPFnCc2TtCfoAU8kCCm-X2iHR7fnERR19vVMsufO5wzA2VXI-3rVv8Xwjgc1J2jt8G-fv6NgRPE8V6eSY9EPuskY-g_G5PzYW5o_RjZkaQLrTJoYhPTL-P7AK4&amp;__tn__=-UK-R&amp;c[0]=AT2M1E6xyEkG9FZFj7OBylbQ2B2EveE5asAFRAVonfgBocn0_gdLRIjdSdP-9xJMz-sixNHFmYwqJvg2GpH0KXmadEBc5jNLbfpxzD595RHLPTyl5jHyipcG94qvzcfU6oEu8u5FbiRQLAEs3baBirQjlGapizCNEc12EmRu57YXWQ\" target=\"_blank\" rel=\"nofollow noopener\">https:\/\/t.me\/SuriyeArapHaberAjans<\/a><\/p>\n","protected":false},"excerpt":{"rendered":"<p>HESEKE \u2013 D\u00fcn ak\u015fam Haseke&#8217;nin g\u00fcney k\u0131rsal\u0131ndaki El \u015eeddadi b\u00f6lgesindeki ABD i\u015fgal \u00fcss\u00fc birka\u00e7 Roketli F\u00fczeyle hedef al\u0131nd\u0131. Haseke\u2019deki Yerel Kaynaklar SANA Muhabirine a\u00e7\u0131klamalar\u0131nda, Haseke\u2019nin g\u00fcney k\u0131rsal\u0131ndaki El \u015eeddadi b\u00f6lgesindeki ABD i\u015fgal \u00fcss\u00fcn\u00fcn birka\u00e7 roketli f\u00fczeyle hedef al\u0131nd\u0131\u011f\u0131n\u0131 belirtti. Kaynak ayr\u0131ca, roketli f\u00fczelerden birinin ABD i\u015fgal \u00fcss\u00fcn\u00fcn havaalan\u0131n\u0131n bulundu\u011fu El Cabsa konutlar\u0131n\u0131 hedef ald\u0131\u011f\u0131n\u0131, bir &hellip;<\/p>\n","protected":false},"author":39,"featured_media":255121,"comment_status":"closed","ping_status":"closed","sticky":false,"template":"","format":"standard","meta":{"footnotes":""},"categories":[479,575,17988,478],"tags":[],"class_list":["post-255120","post","type-post","status-publish","format-standard","has-post-thumbnail","","category-haberler-yerel","category-olaylar-ve-gercekler","category-son-haberler","category-yerel"],"_links":{"self":[{"href":"https:\/\/archive.sana.sy\/tr\/index.php?rest_route=\/wp\/v2\/posts\/255120","targetHints":{"allow":["GET"]}}],"collection":[{"href":"https:\/\/archive.sana.sy\/tr\/index.php?rest_route=\/wp\/v2\/posts"}],"about":[{"href":"https:\/\/archive.sana.sy\/tr\/index.php?rest_route=\/wp\/v2\/types\/post"}],"author":[{"embeddable":true,"href":"https:\/\/archive.sana.sy\/tr\/index.php?rest_route=\/wp\/v2\/users\/39"}],"replies":[{"embeddable":true,"href":"https:\/\/archive.sana.sy\/tr\/index.php?rest_route=%2Fwp%2Fv2%2Fcomments&post=255120"}],"version-history":[{"count":0,"href":"https:\/\/archive.sana.sy\/tr\/index.php?rest_route=\/wp\/v2\/posts\/255120\/revisions"}],"wp:featuredmedia":[{"embeddable":true,"href":"https:\/\/archive.sana.sy\/tr\/index.php?rest_route=\/wp\/v2\/media\/255121"}],"wp:attachment":[{"href":"https:\/\/archive.sana.sy\/tr\/index.php?rest_route=%2Fwp%2Fv2%2Fmedia&parent=255120"}],"wp:term":[{"taxonomy":"category","embeddable":true,"href":"https:\/\/archive.sana.sy\/tr\/index.php?rest_route=%2Fwp%2Fv2%2Fcategories&post=255120"},{"taxonomy":"post_tag","embeddable":true,"href":"https:\/\/archive.sana.sy\/tr\/index.php?rest_route=%2Fwp%2Fv2%2Ftags&post=255120"}],"curies":[{"name":"wp","href":"https:\/\/api.w.org\/{rel}","templated":true}]}}