{"id":255123,"date":"2022-05-17T12:38:03","date_gmt":"2022-05-17T09:38:03","guid":{"rendered":"http:\/\/107.6.182.27\/tr\/?p=255123"},"modified":"2022-05-19T08:17:55","modified_gmt":"2022-05-19T05:17:55","slug":"sam-ve-kirsali-sanayi-odasi-ile-suriye-iran-ticaret-odasi-arasinda-mutabakat-muhtirasi","status":"publish","type":"post","link":"https:\/\/archive.sana.sy\/tr\/?p=255123","title":{"rendered":"\u015eam Ve K\u0131rsal\u0131 Sanayi Odas\u0131 \u0130le Suriye-\u0130ran Ticaret Odas\u0131 Aras\u0131nda Mutabakat Muht\u0131ras\u0131"},"content":{"rendered":"<p>\u015eAM &#8211; \u015eam ve k\u0131rsal\u0131 Sanayi Odas\u0131 ile Suriye-\u0130ran Ticaret Odas\u0131, d\u00fcn milli sanayinin geli\u015ftirilmesi, \u0130ran yat\u0131r\u0131mlar\u0131n\u0131n Suriye&#8217;ye \u00e7ekilmesi, ortak yat\u0131r\u0131mlar yap\u0131lmas\u0131 ve \u0130ran&#8217;\u0131n sanayi tecr\u00fcbesinden bu konuda faydalan\u0131lmas\u0131 amac\u0131yla bir mutabakat zapt\u0131 imzalad\u0131.<\/p>\n<p>Muht\u0131ra, Suriye \u00fcr\u00fcnlerinin \u0130ran pazarlar\u0131ndaki varl\u0131\u011f\u0131n\u0131n art\u0131r\u0131lmas\u0131, ilgili zorluklar\u0131n ele al\u0131nmas\u0131, Suriye ve \u0130ran sanayi \u015firketleri i\u00e7in fuarlar kurman\u0131n yan\u0131 s\u0131ra \u0130ran&#8217;da Suriye \u00fcr\u00fcnleri i\u00e7in kal\u0131c\u0131 fuarlar kurulmas\u0131 i\u00e7in bir plan olu\u015fturulmas\u0131n\u0131 sa\u011flad\u0131.<\/p>\n<p><a class=\"oajrlxb2 g5ia77u1 qu0x051f esr5mh6w e9989ue4 r7d6kgcz rq0escxv nhd2j8a9 nc684nl6 p7hjln8o kvgmc6g5 cxmmr5t8 oygrvhab hcukyx3x jb3vyjys rz4wbd8a qt6c0cv9 a8nywdso i1ao9s8h esuyzwwr f1sip0of lzcic4wl gpro0wi8 q66pz984 b1v8xokw\" tabindex=\"0\" role=\"link\" href=\"https:\/\/www.facebook.com\/hashtag\/telegram_kanal%C4%B1m%C4%B1z?__eep__=6&amp;__cft__[0]=AZWkslvl2Wy_gAS76q78JxhX2ncRePVXNvam4MBGERNMhIDAxEC7f8QS6ZQRRvaZ1BJ0o8lf_XzB49I-edIlUZDuT7zvxVSMtbVEiWPfKYvWJVuu6YQIVziYUKsTgVnbQ6QtlUMGOVbEjoXJooEKKp04&amp;__tn__=*NK-R\">#Telegram_Kanal\u0131m\u0131z<\/a>: <a class=\"oajrlxb2 g5ia77u1 qu0x051f esr5mh6w e9989ue4 r7d6kgcz rq0escxv nhd2j8a9 nc684nl6 p7hjln8o kvgmc6g5 cxmmr5t8 oygrvhab hcukyx3x jb3vyjys rz4wbd8a qt6c0cv9 a8nywdso i1ao9s8h esuyzwwr f1sip0of lzcic4wl gpro0wi8 py34i1dx\" tabindex=\"0\" role=\"link\" href=\"https:\/\/l.facebook.com\/l.php?u=https%3A%2F%2Ft.me%2FSuriyeArapHaberAjans%3Ffbclid%3DIwAR3vTTJpIpoyVKhyrJEfGP4nCAO9m-3eGdsnG7VaXdw-nbUfDuh9AJt_f0k&amp;h=AT3f9DnDyJPFnCc2TtCfoAU8kCCm-X2iHR7fnERR19vVMsufO5wzA2VXI-3rVv8Xwjgc1J2jt8G-fv6NgRPE8V6eSY9EPuskY-g_G5PzYW5o_RjZkaQLrTJoYhPTL-P7AK4&amp;__tn__=-UK-R&amp;c[0]=AT2M1E6xyEkG9FZFj7OBylbQ2B2EveE5asAFRAVonfgBocn0_gdLRIjdSdP-9xJMz-sixNHFmYwqJvg2GpH0KXmadEBc5jNLbfpxzD595RHLPTyl5jHyipcG94qvzcfU6oEu8u5FbiRQLAEs3baBirQjlGapizCNEc12EmRu57YXWQ\" target=\"_blank\" rel=\"nofollow noopener\">https:\/\/t.me\/SuriyeArapHaberAjans<\/a><\/p>\n","protected":false},"excerpt":{"rendered":"<p>\u015eAM &#8211; \u015eam ve k\u0131rsal\u0131 Sanayi Odas\u0131 ile Suriye-\u0130ran Ticaret Odas\u0131, d\u00fcn milli sanayinin geli\u015ftirilmesi, \u0130ran yat\u0131r\u0131mlar\u0131n\u0131n Suriye&#8217;ye \u00e7ekilmesi, ortak yat\u0131r\u0131mlar yap\u0131lmas\u0131 ve \u0130ran&#8217;\u0131n sanayi tecr\u00fcbesinden bu konuda faydalan\u0131lmas\u0131 amac\u0131yla bir mutabakat zapt\u0131 imzalad\u0131. Muht\u0131ra, Suriye \u00fcr\u00fcnlerinin \u0130ran pazarlar\u0131ndaki varl\u0131\u011f\u0131n\u0131n art\u0131r\u0131lmas\u0131, ilgili zorluklar\u0131n ele al\u0131nmas\u0131, Suriye ve \u0130ran sanayi \u015firketleri i\u00e7in fuarlar kurman\u0131n yan\u0131 s\u0131ra &hellip;<\/p>\n","protected":false},"author":1,"featured_media":255124,"comment_status":"closed","ping_status":"closed","sticky":false,"template":"","format":"standard","meta":{"footnotes":""},"categories":[479,17988,478],"tags":[],"class_list":["post-255123","post","type-post","status-publish","format-standard","has-post-thumbnail","","category-haberler-yerel","category-son-haberler","category-yerel"],"_links":{"self":[{"href":"https:\/\/archive.sana.sy\/tr\/index.php?rest_route=\/wp\/v2\/posts\/255123","targetHints":{"allow":["GET"]}}],"collection":[{"href":"https:\/\/archive.sana.sy\/tr\/index.php?rest_route=\/wp\/v2\/posts"}],"about":[{"href":"https:\/\/archive.sana.sy\/tr\/index.php?rest_route=\/wp\/v2\/types\/post"}],"author":[{"embeddable":true,"href":"https:\/\/archive.sana.sy\/tr\/index.php?rest_route=\/wp\/v2\/users\/1"}],"replies":[{"embeddable":true,"href":"https:\/\/archive.sana.sy\/tr\/index.php?rest_route=%2Fwp%2Fv2%2Fcomments&post=255123"}],"version-history":[{"count":0,"href":"https:\/\/archive.sana.sy\/tr\/index.php?rest_route=\/wp\/v2\/posts\/255123\/revisions"}],"wp:featuredmedia":[{"embeddable":true,"href":"https:\/\/archive.sana.sy\/tr\/index.php?rest_route=\/wp\/v2\/media\/255124"}],"wp:attachment":[{"href":"https:\/\/archive.sana.sy\/tr\/index.php?rest_route=%2Fwp%2Fv2%2Fmedia&parent=255123"}],"wp:term":[{"taxonomy":"category","embeddable":true,"href":"https:\/\/archive.sana.sy\/tr\/index.php?rest_route=%2Fwp%2Fv2%2Fcategories&post=255123"},{"taxonomy":"post_tag","embeddable":true,"href":"https:\/\/archive.sana.sy\/tr\/index.php?rest_route=%2Fwp%2Fv2%2Ftags&post=255123"}],"curies":[{"name":"wp","href":"https:\/\/api.w.org\/{rel}","templated":true}]}}