{"id":255126,"date":"2022-05-17T12:45:40","date_gmt":"2022-05-17T09:45:40","guid":{"rendered":"http:\/\/107.6.182.27\/tr\/?p=255126"},"modified":"2022-05-19T08:18:09","modified_gmt":"2022-05-19T05:18:09","slug":"sam-gulu-suriye-kimliginin-bir-parcasidir-hasat-mevsimleri-renk-ve-kokularla-dolu-festivallerdir","status":"publish","type":"post","link":"https:\/\/archive.sana.sy\/tr\/?p=255126","title":{"rendered":"\u015eam G\u00fcl\u00fc, Suriye Kimli\u011finin Bir Par\u00e7as\u0131d\u0131r Hasat Mevsimleri Renk Ve Kokularla Dolu Festivallerdir"},"content":{"rendered":"<p>\u015eAM &#8211; \u015eam G\u00fcl\u00fc ve onunla ili\u015fkili geleneksel uygulamalar ve zanaatlar 2019 y\u0131l\u0131nda UNESCO&#8217;da somut olmayan insan miras\u0131n\u0131n temsili listesinin ba\u015f\u0131nda yer ald\u0131 ve o zamandan beri Suriye kimli\u011finin bir par\u00e7as\u0131 olan \u015eam G\u00fcl\u00fcn\u00fc ve hasat mevsimlerini korumak i\u00e7in ulusal bir plan geli\u015ftirilerek, yeti\u015ftirildi\u011fi y\u00f6relerin halk\u0131n\u0131n kat\u0131l\u0131m\u0131yla renk ve koku dolu pop\u00fcler festivallere d\u00f6n\u00fc\u015f\u00fcyor.<img loading=\"lazy\" decoding=\"async\" class=\"size-medium wp-image-255130 alignright\" src=\"http:\/\/107.6.182.27\/tr\/wp-content\/uploads\/2022\/05\/ros17-310x205-3-300x198.jpg\" alt=\"\" width=\"300\" height=\"198\" srcset=\"https:\/\/archive.sana.sy\/tr\/wp-content\/uploads\/2022\/05\/ros17-310x205-3-300x198.jpg 300w, https:\/\/archive.sana.sy\/tr\/wp-content\/uploads\/2022\/05\/ros17-310x205-3-150x99.jpg 150w, https:\/\/archive.sana.sy\/tr\/wp-content\/uploads\/2022\/05\/ros17-310x205-3.jpg 310w\" sizes=\"auto, (max-width: 300px) 100vw, 300px\" \/><\/p>\n<p>Suriye Kalk\u0131nma Vakf\u0131&#8217;n\u0131n Ya\u015fayan Miras Program\u0131 arac\u0131l\u0131\u011f\u0131yla \u00fczerinde \u00e7al\u0131\u015ft\u0131\u011f\u0131 \u015eam g\u00fcl\u00fcn\u00fcn korunmas\u0131na y\u00f6nelik ulusal plan, resmi ve sivil makamlar\u0131n i\u015fbirli\u011fiyle ortaya \u00e7\u0131k\u0131yor.<\/p>\n<p>Festivale, zecel (irticali \u015fiir okuma) ve g\u00fcl toplama ile ilgili ilahiler, baz\u0131 folklorik danslar ve bu e\u015fsiz Suriye havas\u0131 i\u00e7in yar\u0131\u015fmalar gibi sosyal rit\u00fceller e\u015flik ediyor.<\/p>\n<p><img loading=\"lazy\" decoding=\"async\" class=\"alignnone size-medium wp-image-255131\" src=\"http:\/\/107.6.182.27\/tr\/wp-content\/uploads\/2022\/05\/ros11-300x200.jpg\" alt=\"\" width=\"300\" height=\"200\" srcset=\"https:\/\/archive.sana.sy\/tr\/wp-content\/uploads\/2022\/05\/ros11-300x200.jpg 300w, https:\/\/archive.sana.sy\/tr\/wp-content\/uploads\/2022\/05\/ros11-150x100.jpg 150w, https:\/\/archive.sana.sy\/tr\/wp-content\/uploads\/2022\/05\/ros11-768x511.jpg 768w, https:\/\/archive.sana.sy\/tr\/wp-content\/uploads\/2022\/05\/ros11.jpg 800w\" sizes=\"auto, (max-width: 300px) 100vw, 300px\" \/> <img loading=\"lazy\" decoding=\"async\" class=\"alignnone wp-image-255132 size-medium\" src=\"http:\/\/107.6.182.27\/tr\/wp-content\/uploads\/2022\/05\/ros13-300x200.jpg\" alt=\"\" width=\"300\" height=\"200\" srcset=\"https:\/\/archive.sana.sy\/tr\/wp-content\/uploads\/2022\/05\/ros13-300x200.jpg 300w, https:\/\/archive.sana.sy\/tr\/wp-content\/uploads\/2022\/05\/ros13-150x100.jpg 150w, https:\/\/archive.sana.sy\/tr\/wp-content\/uploads\/2022\/05\/ros13-768x511.jpg 768w, https:\/\/archive.sana.sy\/tr\/wp-content\/uploads\/2022\/05\/ros13.jpg 800w\" sizes=\"auto, (max-width: 300px) 100vw, 300px\" \/> <img loading=\"lazy\" decoding=\"async\" class=\"alignnone size-medium wp-image-255133\" src=\"http:\/\/107.6.182.27\/tr\/wp-content\/uploads\/2022\/05\/ros14-300x213.jpg\" alt=\"\" width=\"300\" height=\"213\" srcset=\"https:\/\/archive.sana.sy\/tr\/wp-content\/uploads\/2022\/05\/ros14-300x213.jpg 300w, https:\/\/archive.sana.sy\/tr\/wp-content\/uploads\/2022\/05\/ros14-150x107.jpg 150w, https:\/\/archive.sana.sy\/tr\/wp-content\/uploads\/2022\/05\/ros14-768x545.jpg 768w, https:\/\/archive.sana.sy\/tr\/wp-content\/uploads\/2022\/05\/ros14.jpg 800w\" sizes=\"auto, (max-width: 300px) 100vw, 300px\" \/> <img loading=\"lazy\" decoding=\"async\" class=\"alignnone size-medium wp-image-255134\" src=\"http:\/\/107.6.182.27\/tr\/wp-content\/uploads\/2022\/05\/ros15-300x203.jpg\" alt=\"\" width=\"300\" height=\"203\" srcset=\"https:\/\/archive.sana.sy\/tr\/wp-content\/uploads\/2022\/05\/ros15-300x203.jpg 300w, https:\/\/archive.sana.sy\/tr\/wp-content\/uploads\/2022\/05\/ros15-150x101.jpg 150w, https:\/\/archive.sana.sy\/tr\/wp-content\/uploads\/2022\/05\/ros15-768x519.jpg 768w, https:\/\/archive.sana.sy\/tr\/wp-content\/uploads\/2022\/05\/ros15-110x75.jpg 110w, https:\/\/archive.sana.sy\/tr\/wp-content\/uploads\/2022\/05\/ros15.jpg 800w\" sizes=\"auto, (max-width: 300px) 100vw, 300px\" \/> <img loading=\"lazy\" decoding=\"async\" class=\"alignnone size-medium wp-image-255135\" src=\"http:\/\/107.6.182.27\/tr\/wp-content\/uploads\/2022\/05\/ros16-300x200.jpg\" alt=\"\" width=\"300\" height=\"200\" srcset=\"https:\/\/archive.sana.sy\/tr\/wp-content\/uploads\/2022\/05\/ros16-300x200.jpg 300w, https:\/\/archive.sana.sy\/tr\/wp-content\/uploads\/2022\/05\/ros16-150x100.jpg 150w, https:\/\/archive.sana.sy\/tr\/wp-content\/uploads\/2022\/05\/ros16-768x511.jpg 768w, https:\/\/archive.sana.sy\/tr\/wp-content\/uploads\/2022\/05\/ros16.jpg 800w\" sizes=\"auto, (max-width: 300px) 100vw, 300px\" \/> <img loading=\"lazy\" decoding=\"async\" class=\"alignnone size-medium wp-image-255136\" src=\"http:\/\/107.6.182.27\/tr\/wp-content\/uploads\/2022\/05\/wardaaa111-300x168.jpg\" alt=\"\" width=\"300\" height=\"168\" srcset=\"https:\/\/archive.sana.sy\/tr\/wp-content\/uploads\/2022\/05\/wardaaa111-300x168.jpg 300w, https:\/\/archive.sana.sy\/tr\/wp-content\/uploads\/2022\/05\/wardaaa111-150x84.jpg 150w, https:\/\/archive.sana.sy\/tr\/wp-content\/uploads\/2022\/05\/wardaaa111.jpg 660w\" sizes=\"auto, (max-width: 300px) 100vw, 300px\" \/><\/p>\n<p><a class=\"oajrlxb2 g5ia77u1 qu0x051f esr5mh6w e9989ue4 r7d6kgcz rq0escxv nhd2j8a9 nc684nl6 p7hjln8o kvgmc6g5 cxmmr5t8 oygrvhab hcukyx3x jb3vyjys rz4wbd8a qt6c0cv9 a8nywdso i1ao9s8h esuyzwwr f1sip0of lzcic4wl gpro0wi8 q66pz984 b1v8xokw\" tabindex=\"0\" role=\"link\" href=\"https:\/\/www.facebook.com\/hashtag\/telegram_kanal%C4%B1m%C4%B1z?__eep__=6&amp;__cft__[0]=AZWkslvl2Wy_gAS76q78JxhX2ncRePVXNvam4MBGERNMhIDAxEC7f8QS6ZQRRvaZ1BJ0o8lf_XzB49I-edIlUZDuT7zvxVSMtbVEiWPfKYvWJVuu6YQIVziYUKsTgVnbQ6QtlUMGOVbEjoXJooEKKp04&amp;__tn__=*NK-R\">#Telegram_Kanal\u0131m\u0131z<\/a>: <a class=\"oajrlxb2 g5ia77u1 qu0x051f esr5mh6w e9989ue4 r7d6kgcz rq0escxv nhd2j8a9 nc684nl6 p7hjln8o kvgmc6g5 cxmmr5t8 oygrvhab hcukyx3x jb3vyjys rz4wbd8a qt6c0cv9 a8nywdso i1ao9s8h esuyzwwr f1sip0of lzcic4wl gpro0wi8 py34i1dx\" tabindex=\"0\" role=\"link\" href=\"https:\/\/t.me\/SuriyeArapHaberAjans?fbclid=IwAR3vTTJpIpoyVKhyrJEfGP4nCAO9m-3eGdsnG7VaXdw-nbUfDuh9AJt_f0k\" target=\"_blank\" rel=\"nofollow noopener\">https:\/\/t.me\/SuriyeArapHaberAjans<\/a><\/p>\n","protected":false},"excerpt":{"rendered":"<p>\u015eAM &#8211; \u015eam G\u00fcl\u00fc ve onunla ili\u015fkili geleneksel uygulamalar ve zanaatlar 2019 y\u0131l\u0131nda UNESCO&#8217;da somut olmayan insan miras\u0131n\u0131n temsili listesinin ba\u015f\u0131nda yer ald\u0131 ve o zamandan beri Suriye kimli\u011finin bir par\u00e7as\u0131 olan \u015eam G\u00fcl\u00fcn\u00fc ve hasat mevsimlerini korumak i\u00e7in ulusal bir plan geli\u015ftirilerek, yeti\u015ftirildi\u011fi y\u00f6relerin halk\u0131n\u0131n kat\u0131l\u0131m\u0131yla renk ve koku dolu pop\u00fcler festivallere d\u00f6n\u00fc\u015f\u00fcyor. Suriye &hellip;<\/p>\n","protected":false},"author":1,"featured_media":255127,"comment_status":"closed","ping_status":"closed","sticky":false,"template":"","format":"standard","meta":{"footnotes":""},"categories":[479,511,17988,478],"tags":[],"class_list":["post-255126","post","type-post","status-publish","format-standard","has-post-thumbnail","","category-haberler-yerel","category-kultur-ve-sanat","category-son-haberler","category-yerel"],"_links":{"self":[{"href":"https:\/\/archive.sana.sy\/tr\/index.php?rest_route=\/wp\/v2\/posts\/255126","targetHints":{"allow":["GET"]}}],"collection":[{"href":"https:\/\/archive.sana.sy\/tr\/index.php?rest_route=\/wp\/v2\/posts"}],"about":[{"href":"https:\/\/archive.sana.sy\/tr\/index.php?rest_route=\/wp\/v2\/types\/post"}],"author":[{"embeddable":true,"href":"https:\/\/archive.sana.sy\/tr\/index.php?rest_route=\/wp\/v2\/users\/1"}],"replies":[{"embeddable":true,"href":"https:\/\/archive.sana.sy\/tr\/index.php?rest_route=%2Fwp%2Fv2%2Fcomments&post=255126"}],"version-history":[{"count":0,"href":"https:\/\/archive.sana.sy\/tr\/index.php?rest_route=\/wp\/v2\/posts\/255126\/revisions"}],"wp:featuredmedia":[{"embeddable":true,"href":"https:\/\/archive.sana.sy\/tr\/index.php?rest_route=\/wp\/v2\/media\/255127"}],"wp:attachment":[{"href":"https:\/\/archive.sana.sy\/tr\/index.php?rest_route=%2Fwp%2Fv2%2Fmedia&parent=255126"}],"wp:term":[{"taxonomy":"category","embeddable":true,"href":"https:\/\/archive.sana.sy\/tr\/index.php?rest_route=%2Fwp%2Fv2%2Fcategories&post=255126"},{"taxonomy":"post_tag","embeddable":true,"href":"https:\/\/archive.sana.sy\/tr\/index.php?rest_route=%2Fwp%2Fv2%2Ftags&post=255126"}],"curies":[{"name":"wp","href":"https:\/\/api.w.org\/{rel}","templated":true}]}}