{"id":255138,"date":"2022-05-17T12:49:47","date_gmt":"2022-05-17T09:49:47","guid":{"rendered":"http:\/\/107.6.182.27\/tr\/?p=255138"},"modified":"2022-05-19T08:18:15","modified_gmt":"2022-05-19T05:18:15","slug":"lavrov-wasington-ve-muttefikleri-tek-kutuplu-sisteme-donemeyecekler","status":"publish","type":"post","link":"https:\/\/archive.sana.sy\/tr\/?p=255138","title":{"rendered":"Lavrov: Wa\u015fington Ve M\u00fcttefikleri Tek Kutuplu Sisteme D\u00f6nemeyecekler"},"content":{"rendered":"<p>MOSKOVA \u2013 Rusya D\u0131\u015fi\u015fleri Bakan\u0131 Sergey Lavrov, b\u00f6l\u00fcnmez g\u00fcvenlik ilkesinin Rusya&#8217;n\u0131n en \u00f6nemli \u00f6nceliklerinden biri oldu\u011funu ve olmaya devam etti\u011fini belirtti.<\/p>\n<p>Lavrov: &#8220;Avrupa&#8217;n\u0131n g\u00fcvenli\u011fini garanti eden bir anla\u015fma imzalanmas\u0131n\u0131 teklif ettik, ancak Bat\u0131, NATO&#8217;yu do\u011fuya do\u011fru geni\u015fletmeme konusundaki taahh\u00fctlerini g\u00f6rmezden geldi ve yerine getirmedi&#8221; dedi.<\/p>\n<p>Lavrov, Bat\u0131&#8217;n\u0131n Ukrayna&#8217;y\u0131 NATO&#8217;ya \u00e7ekmeye \u00e7al\u0131\u015ft\u0131\u011f\u0131n\u0131, taarruz silahlar\u0131 konu\u015fland\u0131rd\u0131\u011f\u0131n\u0131 ve topraklar\u0131nda askeri \u00fcsler kurdu\u011funu belirterek, Kiev&#8217;in Minsk anla\u015fmalar\u0131n\u0131 uygulamad\u0131\u011f\u0131n\u0131,buy\u00fczden \u00e7\u0131karlar\u0131n\u0131 korumalar\u0131n\u0131n kendilerinin g\u00f6revi oldu\u011funu kaydetti.<\/p>\n<p>Lavrov, &#8220;ABD ve Bat\u0131l\u0131 m\u00fcttefikleri \u00e7ok kutuplu bir d\u00fcnya istemiyor, ancak tek kutuplu bir sisteme de geri d\u00f6nemeyecekler&#8221; dedi.<\/p>\n<p><a class=\"oajrlxb2 g5ia77u1 qu0x051f esr5mh6w e9989ue4 r7d6kgcz rq0escxv nhd2j8a9 nc684nl6 p7hjln8o kvgmc6g5 cxmmr5t8 oygrvhab hcukyx3x jb3vyjys rz4wbd8a qt6c0cv9 a8nywdso i1ao9s8h esuyzwwr f1sip0of lzcic4wl gpro0wi8 q66pz984 b1v8xokw\" tabindex=\"0\" role=\"link\" href=\"https:\/\/www.facebook.com\/hashtag\/telegram_kanal%C4%B1m%C4%B1z?__eep__=6&amp;__cft__[0]=AZWkslvl2Wy_gAS76q78JxhX2ncRePVXNvam4MBGERNMhIDAxEC7f8QS6ZQRRvaZ1BJ0o8lf_XzB49I-edIlUZDuT7zvxVSMtbVEiWPfKYvWJVuu6YQIVziYUKsTgVnbQ6QtlUMGOVbEjoXJooEKKp04&amp;__tn__=*NK-R\">#Telegram_Kanal\u0131m\u0131z<\/a>: <a class=\"oajrlxb2 g5ia77u1 qu0x051f esr5mh6w e9989ue4 r7d6kgcz rq0escxv nhd2j8a9 nc684nl6 p7hjln8o kvgmc6g5 cxmmr5t8 oygrvhab hcukyx3x jb3vyjys rz4wbd8a qt6c0cv9 a8nywdso i1ao9s8h esuyzwwr f1sip0of lzcic4wl gpro0wi8 py34i1dx\" tabindex=\"0\" role=\"link\" href=\"https:\/\/t.me\/SuriyeArapHaberAjans?fbclid=IwAR3vTTJpIpoyVKhyrJEfGP4nCAO9m-3eGdsnG7VaXdw-nbUfDuh9AJt_f0k\" target=\"_blank\" rel=\"nofollow noopener\">https:\/\/t.me\/SuriyeArapHaberAjans<\/a><\/p>\n","protected":false},"excerpt":{"rendered":"<p>MOSKOVA \u2013 Rusya D\u0131\u015fi\u015fleri Bakan\u0131 Sergey Lavrov, b\u00f6l\u00fcnmez g\u00fcvenlik ilkesinin Rusya&#8217;n\u0131n en \u00f6nemli \u00f6nceliklerinden biri oldu\u011funu ve olmaya devam etti\u011fini belirtti. Lavrov: &#8220;Avrupa&#8217;n\u0131n g\u00fcvenli\u011fini garanti eden bir anla\u015fma imzalanmas\u0131n\u0131 teklif ettik, ancak Bat\u0131, NATO&#8217;yu do\u011fuya do\u011fru geni\u015fletmeme konusundaki taahh\u00fctlerini g\u00f6rmezden geldi ve yerine getirmedi&#8221; dedi. Lavrov, Bat\u0131&#8217;n\u0131n Ukrayna&#8217;y\u0131 NATO&#8217;ya \u00e7ekmeye \u00e7al\u0131\u015ft\u0131\u011f\u0131n\u0131, taarruz silahlar\u0131 konu\u015fland\u0131rd\u0131\u011f\u0131n\u0131 ve &hellip;<\/p>\n","protected":false},"author":1,"featured_media":255139,"comment_status":"closed","ping_status":"closed","sticky":false,"template":"","format":"standard","meta":{"footnotes":""},"categories":[458,459,17988],"tags":[],"class_list":["post-255138","post","type-post","status-publish","format-standard","has-post-thumbnail","","category-dunya1","category-haberler-arap-uluslararasi-politika","category-son-haberler"],"_links":{"self":[{"href":"https:\/\/archive.sana.sy\/tr\/index.php?rest_route=\/wp\/v2\/posts\/255138","targetHints":{"allow":["GET"]}}],"collection":[{"href":"https:\/\/archive.sana.sy\/tr\/index.php?rest_route=\/wp\/v2\/posts"}],"about":[{"href":"https:\/\/archive.sana.sy\/tr\/index.php?rest_route=\/wp\/v2\/types\/post"}],"author":[{"embeddable":true,"href":"https:\/\/archive.sana.sy\/tr\/index.php?rest_route=\/wp\/v2\/users\/1"}],"replies":[{"embeddable":true,"href":"https:\/\/archive.sana.sy\/tr\/index.php?rest_route=%2Fwp%2Fv2%2Fcomments&post=255138"}],"version-history":[{"count":0,"href":"https:\/\/archive.sana.sy\/tr\/index.php?rest_route=\/wp\/v2\/posts\/255138\/revisions"}],"wp:featuredmedia":[{"embeddable":true,"href":"https:\/\/archive.sana.sy\/tr\/index.php?rest_route=\/wp\/v2\/media\/255139"}],"wp:attachment":[{"href":"https:\/\/archive.sana.sy\/tr\/index.php?rest_route=%2Fwp%2Fv2%2Fmedia&parent=255138"}],"wp:term":[{"taxonomy":"category","embeddable":true,"href":"https:\/\/archive.sana.sy\/tr\/index.php?rest_route=%2Fwp%2Fv2%2Fcategories&post=255138"},{"taxonomy":"post_tag","embeddable":true,"href":"https:\/\/archive.sana.sy\/tr\/index.php?rest_route=%2Fwp%2Fv2%2Ftags&post=255138"}],"curies":[{"name":"wp","href":"https:\/\/api.w.org\/{rel}","templated":true}]}}