{"id":255149,"date":"2022-05-17T12:40:06","date_gmt":"2022-05-17T09:40:06","guid":{"rendered":"http:\/\/107.6.182.27\/tr\/?p=255149"},"modified":"2022-05-19T08:18:04","modified_gmt":"2022-05-19T05:18:04","slug":"rus-kuvvetlerince-tutulan-ingiliz-esir-ukraynadaki-gercekler-bati-medyasinin-bildirdiginden-farkli","status":"publish","type":"post","link":"https:\/\/archive.sana.sy\/tr\/?p=255149","title":{"rendered":"Rus Kuvvetlerince Tutulan \u0130ngiliz Esir: Ukrayna&#8217;daki Ger\u00e7ekler, Bat\u0131 Medyas\u0131n\u0131n Bildirdi\u011finden Farkl\u0131"},"content":{"rendered":"<p>MOSKOVA &#8211; Rus g\u00fc\u00e7leri taraf\u0131ndan yakalanan bir \u0130ngiliz tutsak, Ukrayna&#8217;daki \u00e7at\u0131\u015fma b\u00f6lgelerinde ya\u015fananlar\u0131n ger\u00e7ek resminin Bat\u0131 medyas\u0131nda aktar\u0131lanlardan tamamen farkl\u0131 oldu\u011funu ortaya \u00e7\u0131kard\u0131.<\/p>\n<p>Esir Rusya Bug\u00fcn&#8217;e verdi\u011fi deme\u00e7te, Ukrayna&#8217;daki durumla ilgili Bat\u0131 propagandas\u0131n\u0131n hem kendisini hem de di\u011ferlerini aldatt\u0131\u011f\u0131n\u0131 s\u00f6yledi ve &#8220;ba\u015fkalar\u0131yla birlikte Ukrayna Yabanc\u0131 Kolordusu&#8217;na aldatmayla ve s\u00f6ylenenden tamamen farkl\u0131 g\u00f6revlerle i\u015fe al\u0131nd\u0131\u011f\u0131n\u0131&#8221; a\u00e7\u0131klad\u0131.<\/p>\n<p>Ukraynal\u0131 yetkililerin kendilerine sadece sava\u015fmak de\u011fil, yard\u0131m sa\u011flamak gibi \u00e7e\u015fitli g\u00f6revlerin olaca\u011f\u0131na dair s\u00f6z verdiklerini, ancak ger\u00e7ekte herkesin cephenin \u00f6n saflar\u0131na g\u00f6t\u00fcr\u00fcld\u00fc\u011f\u00fcn\u00fc belirterek; &#8220;Bize yalan s\u00f6ylediler. Ukrayna i\u00e7inde de\u011fil, yurtd\u0131\u015f\u0131nda da aldat\u0131ld\u0131\u011f\u0131m i\u00e7in \u00fcz\u00fcl\u00fcyorum.. \u0130ngiltere&#8217;de ve Bat\u0131&#8217;da medya ve propaganda yoluyla&#8230; Ukrayna&#8217;ya yard\u0131m i\u00e7in gidenlerin hepsi asl\u0131nda aldat\u0131l\u0131yor&#8221; dedi.<\/p>\n<p>Ge\u00e7en Nisan ay\u0131n\u0131n ba\u015f\u0131nda Kiev&#8217;in banliy\u00f6lerinde bulunan Bucha \u015fehrini ziyaret etti\u011fini belirterek: &#8220;Rus kuvvetleri 31 Mart&#8217;ta yerel halkla konu\u015ftular ve bu b\u00f6lgeyi terk ettiler orada kesinlikle hi\u00e7bir sava\u015f izi yoktu. Bat\u0131 medyas\u0131n\u0131n Rus g\u00fc\u00e7lerinin ahaliye kar\u015f\u0131 katliam i\u015flediklerine dair \u00f6ne s\u00fcrd\u00fc\u011f\u00fc haberlerden dolay\u0131 oraya gittim orada ne bir \u00e7at\u0131\u015fma ne de cesest izleri g\u00f6rd\u00fcm&#8221; dedi.<\/p>\n<p><a class=\"oajrlxb2 g5ia77u1 qu0x051f esr5mh6w e9989ue4 r7d6kgcz rq0escxv nhd2j8a9 nc684nl6 p7hjln8o kvgmc6g5 cxmmr5t8 oygrvhab hcukyx3x jb3vyjys rz4wbd8a qt6c0cv9 a8nywdso i1ao9s8h esuyzwwr f1sip0of lzcic4wl gpro0wi8 q66pz984 b1v8xokw\" tabindex=\"0\" role=\"link\" href=\"https:\/\/www.facebook.com\/hashtag\/telegram_kanal%C4%B1m%C4%B1z?__eep__=6&amp;__cft__[0]=AZWkslvl2Wy_gAS76q78JxhX2ncRePVXNvam4MBGERNMhIDAxEC7f8QS6ZQRRvaZ1BJ0o8lf_XzB49I-edIlUZDuT7zvxVSMtbVEiWPfKYvWJVuu6YQIVziYUKsTgVnbQ6QtlUMGOVbEjoXJooEKKp04&amp;__tn__=*NK-R\">#Telegram_Kanal\u0131m\u0131z<\/a>: <a class=\"oajrlxb2 g5ia77u1 qu0x051f esr5mh6w e9989ue4 r7d6kgcz rq0escxv nhd2j8a9 nc684nl6 p7hjln8o kvgmc6g5 cxmmr5t8 oygrvhab hcukyx3x jb3vyjys rz4wbd8a qt6c0cv9 a8nywdso i1ao9s8h esuyzwwr f1sip0of lzcic4wl gpro0wi8 py34i1dx\" tabindex=\"0\" role=\"link\" href=\"https:\/\/t.me\/SuriyeArapHaberAjans?fbclid=IwAR3vTTJpIpoyVKhyrJEfGP4nCAO9m-3eGdsnG7VaXdw-nbUfDuh9AJt_f0k\" target=\"_blank\" rel=\"nofollow noopener\">https:\/\/t.me\/SuriyeArapHaberAjans<\/a><\/p>\n","protected":false},"excerpt":{"rendered":"<p>MOSKOVA &#8211; Rus g\u00fc\u00e7leri taraf\u0131ndan yakalanan bir \u0130ngiliz tutsak, Ukrayna&#8217;daki \u00e7at\u0131\u015fma b\u00f6lgelerinde ya\u015fananlar\u0131n ger\u00e7ek resminin Bat\u0131 medyas\u0131nda aktar\u0131lanlardan tamamen farkl\u0131 oldu\u011funu ortaya \u00e7\u0131kard\u0131. Esir Rusya Bug\u00fcn&#8217;e verdi\u011fi deme\u00e7te, Ukrayna&#8217;daki durumla ilgili Bat\u0131 propagandas\u0131n\u0131n hem kendisini hem de di\u011ferlerini aldatt\u0131\u011f\u0131n\u0131 s\u00f6yledi ve &#8220;ba\u015fkalar\u0131yla birlikte Ukrayna Yabanc\u0131 Kolordusu&#8217;na aldatmayla ve s\u00f6ylenenden tamamen farkl\u0131 g\u00f6revlerle i\u015fe al\u0131nd\u0131\u011f\u0131n\u0131&#8221; a\u00e7\u0131klad\u0131. &hellip;<\/p>\n","protected":false},"author":1,"featured_media":255150,"comment_status":"closed","ping_status":"closed","sticky":false,"template":"","format":"standard","meta":{"footnotes":""},"categories":[458,459,17988],"tags":[],"class_list":["post-255149","post","type-post","status-publish","format-standard","has-post-thumbnail","","category-dunya1","category-haberler-arap-uluslararasi-politika","category-son-haberler"],"_links":{"self":[{"href":"https:\/\/archive.sana.sy\/tr\/index.php?rest_route=\/wp\/v2\/posts\/255149","targetHints":{"allow":["GET"]}}],"collection":[{"href":"https:\/\/archive.sana.sy\/tr\/index.php?rest_route=\/wp\/v2\/posts"}],"about":[{"href":"https:\/\/archive.sana.sy\/tr\/index.php?rest_route=\/wp\/v2\/types\/post"}],"author":[{"embeddable":true,"href":"https:\/\/archive.sana.sy\/tr\/index.php?rest_route=\/wp\/v2\/users\/1"}],"replies":[{"embeddable":true,"href":"https:\/\/archive.sana.sy\/tr\/index.php?rest_route=%2Fwp%2Fv2%2Fcomments&post=255149"}],"version-history":[{"count":0,"href":"https:\/\/archive.sana.sy\/tr\/index.php?rest_route=\/wp\/v2\/posts\/255149\/revisions"}],"wp:featuredmedia":[{"embeddable":true,"href":"https:\/\/archive.sana.sy\/tr\/index.php?rest_route=\/wp\/v2\/media\/255150"}],"wp:attachment":[{"href":"https:\/\/archive.sana.sy\/tr\/index.php?rest_route=%2Fwp%2Fv2%2Fmedia&parent=255149"}],"wp:term":[{"taxonomy":"category","embeddable":true,"href":"https:\/\/archive.sana.sy\/tr\/index.php?rest_route=%2Fwp%2Fv2%2Fcategories&post=255149"},{"taxonomy":"post_tag","embeddable":true,"href":"https:\/\/archive.sana.sy\/tr\/index.php?rest_route=%2Fwp%2Fv2%2Ftags&post=255149"}],"curies":[{"name":"wp","href":"https:\/\/api.w.org\/{rel}","templated":true}]}}