{"id":255157,"date":"2022-05-17T16:19:09","date_gmt":"2022-05-17T13:19:09","guid":{"rendered":"https:\/\/107.6.182.27\/tr\/?p=255157"},"modified":"2022-05-19T08:18:41","modified_gmt":"2022-05-19T05:18:41","slug":"esad-bolgedeki-savas-ideolojik-ve-dogmatiktir-askeri-savastan-daha-tehlikeli-daha-etkili","status":"publish","type":"post","link":"https:\/\/archive.sana.sy\/tr\/?p=255157","title":{"rendered":"Esad: B\u00f6lgedeki Sava\u015f \u0130deolojik ve Dogmatiktir, Askeri Sava\u015ftan Daha Tehlikeli Daha Etkili"},"content":{"rendered":"<p style=\"text-align: justify;\">\u015eAM &#8211; Cumhurba\u015fkan\u0131 Be\u015f\u015far Esad bug\u00fcn Moritanya Temsilciler Meclisi Moritanya-Suriye Dostluk Komitesi ba\u015fkan\u0131 Mustafa Suhayb ba\u015fkanl\u0131\u011f\u0131ndaki Moritanya meclis heyetini kabul etti.<\/p>\n<p style=\"text-align: justify;\">Arap arenas\u0131ndaki durumu ve halklar\u0131n kimliklerini korumalar\u0131 ve ba\u011fl\u0131l\u0131klar\u0131yla bu b\u00f6lgenin istikrar\u0131ndaki temel rol\u00fc hakk\u0131nda g\u00f6r\u00fc\u015f al\u0131\u015fveri\u015finde bulundular.<\/p>\n<p style=\"text-align: justify;\">Ba\u015fkan Esad, bu b\u00f6lgedeki sava\u015f\u0131n \u00f6ncelikle askeri bir sava\u015ftan daha tehlikeli ve daha etkili olan dogmatik ve ideolojik bir sava\u015f oldu\u011funu belirtti. Esad, Moritanya halk\u0131n\u0131n, \u00fclkelerinin co\u011frafi uzakl\u0131\u011f\u0131na ra\u011fmen, tarihin \u00e7e\u015fitli a\u015famalar\u0131nda her zaman Arap kimliklerine ve mensubiyetlerine ba\u011fl\u0131 olduklar\u0131n\u0131 s\u00f6yledi.<\/p>\n<p style=\"text-align: justify;\">Cumhurba\u015fkan\u0131 Esad, parlamento ve halk delegasyonlar\u0131 aras\u0131ndaki kar\u015f\u0131l\u0131kl\u0131 ziyaretlerin ve bunlar\u0131n sonu\u00e7lar\u0131n\u0131 insanlar\u0131 yak\u0131nla\u015ft\u0131ran ve onlar\u0131n \u00e7\u0131karlar\u0131na hizmet eden fikirlere ve \u00e7al\u0131\u015fma mekanizmalar\u0131na d\u00f6n\u00fc\u015ft\u00fcrerek yat\u0131r\u0131m yapman\u0131n \u00f6nemini vurgulad\u0131.<\/p>\n<p style=\"text-align: justify;\">Heyet \u00fcyeleri de, Suriye&#8217;nin tutumunu ve Arap meselelerine olan ba\u011fl\u0131l\u0131\u011f\u0131n\u0131 hat\u0131rlatarak, t\u00fcm Moritanyal\u0131lar aras\u0131nda Suriye&#8217;nin \u00f6zel stat\u00fcs\u00fcne dikkat \u00e7ektiler ve sadece kendilerini de\u011fil Arap kimli\u011fine ba\u011fl\u0131 t\u00fcm halklar\u0131 hedef alan ve maruz kald\u0131klar\u0131 ter\u00f6r sava\u015f\u0131 kar\u015f\u0131s\u0131nda Suriye halk\u0131n\u0131n yan\u0131nda olmaya devam edeceklerini ifade ettiler.<\/p>\n<p style=\"text-align: justify;\">\n","protected":false},"excerpt":{"rendered":"<p>\u015eAM &#8211; Cumhurba\u015fkan\u0131 Be\u015f\u015far Esad bug\u00fcn Moritanya Temsilciler Meclisi Moritanya-Suriye Dostluk Komitesi ba\u015fkan\u0131 Mustafa Suhayb ba\u015fkanl\u0131\u011f\u0131ndaki Moritanya meclis heyetini kabul etti. Arap arenas\u0131ndaki durumu ve halklar\u0131n kimliklerini korumalar\u0131 ve ba\u011fl\u0131l\u0131klar\u0131yla bu b\u00f6lgenin istikrar\u0131ndaki temel rol\u00fc hakk\u0131nda g\u00f6r\u00fc\u015f al\u0131\u015fveri\u015finde bulundular. Ba\u015fkan Esad, bu b\u00f6lgedeki sava\u015f\u0131n \u00f6ncelikle askeri bir sava\u015ftan daha tehlikeli ve daha etkili olan dogmatik &hellip;<\/p>\n","protected":false},"author":1,"featured_media":255158,"comment_status":"closed","ping_status":"closed","sticky":false,"template":"","format":"standard","meta":{"footnotes":""},"categories":[479,17988,478],"tags":[],"class_list":["post-255157","post","type-post","status-publish","format-standard","has-post-thumbnail","","category-haberler-yerel","category-son-haberler","category-yerel"],"_links":{"self":[{"href":"https:\/\/archive.sana.sy\/tr\/index.php?rest_route=\/wp\/v2\/posts\/255157","targetHints":{"allow":["GET"]}}],"collection":[{"href":"https:\/\/archive.sana.sy\/tr\/index.php?rest_route=\/wp\/v2\/posts"}],"about":[{"href":"https:\/\/archive.sana.sy\/tr\/index.php?rest_route=\/wp\/v2\/types\/post"}],"author":[{"embeddable":true,"href":"https:\/\/archive.sana.sy\/tr\/index.php?rest_route=\/wp\/v2\/users\/1"}],"replies":[{"embeddable":true,"href":"https:\/\/archive.sana.sy\/tr\/index.php?rest_route=%2Fwp%2Fv2%2Fcomments&post=255157"}],"version-history":[{"count":0,"href":"https:\/\/archive.sana.sy\/tr\/index.php?rest_route=\/wp\/v2\/posts\/255157\/revisions"}],"wp:featuredmedia":[{"embeddable":true,"href":"https:\/\/archive.sana.sy\/tr\/index.php?rest_route=\/wp\/v2\/media\/255158"}],"wp:attachment":[{"href":"https:\/\/archive.sana.sy\/tr\/index.php?rest_route=%2Fwp%2Fv2%2Fmedia&parent=255157"}],"wp:term":[{"taxonomy":"category","embeddable":true,"href":"https:\/\/archive.sana.sy\/tr\/index.php?rest_route=%2Fwp%2Fv2%2Fcategories&post=255157"},{"taxonomy":"post_tag","embeddable":true,"href":"https:\/\/archive.sana.sy\/tr\/index.php?rest_route=%2Fwp%2Fv2%2Ftags&post=255157"}],"curies":[{"name":"wp","href":"https:\/\/api.w.org\/{rel}","templated":true}]}}