{"id":25516,"date":"2015-03-03T21:02:05","date_gmt":"2015-03-03T19:02:05","guid":{"rendered":"http:\/\/www.sana.sy\/tr\/?p=25516"},"modified":"2015-03-03T21:02:05","modified_gmt":"2015-03-03T19:02:05","slug":"teroru-destekleyen-politikalar-tum-bolgeye-tehdit-olusturuyor","status":"publish","type":"post","link":"https:\/\/archive.sana.sy\/tr\/?p=25516","title":{"rendered":"Ter\u00f6r\u00fc Destekleyen Politikalar T\u00fcm B\u00f6lgeye Tehdit Olu\u015fturuyor"},"content":{"rendered":"<p>TAHRAN \u2013 \u0130ran \u015eura Meclisinde Milli G\u00fcvenlik ve D\u0131\u015f Politika Komitesi Ba\u015fkan\u0131 Alauddin Brojerdi b\u00f6lgesel ve bat\u0131l\u0131 kimi devletlerin Suriye&#8217;deki durumlara ili\u015fkin tutum e politikalar\u0131n\u0131 ele\u015ftirdi.<\/p>\n<p>Tahran\u2019da bug\u00fcn \u0130ngiltere D\u0131\u015fi\u015fleri Bakanl\u0131\u011f\u0131nda Ortado\u011fu Departman Direkt\u00f6r\u00fc Edward Oakden ile g\u00f6r\u00fc\u015fmesinde Brojerdi; s\u00f6z konusu devletlerin Suriye ve tan\u0131k oldu\u011fu durumlara ili\u015fkin yanl\u0131\u015f politikalar\u0131 nedeniyle b\u00f6lgede ter\u00f6r\u00fcn yay\u0131ld\u0131\u011f\u0131n\u0131 belirtti.<\/p>\n<p>Bat\u0131l\u0131 devletlerin b\u00f6lgede Suriye&#8217;ye kom\u015fu devletler ile i\u015fbirli\u011fi i\u00e7in d\u00fcnyan\u0131n her yerinden gelen on binlerce ter\u00f6risti Suriye&#8217;ye ge\u00e7irdiklerini ifade eden Brojerdi; bu yanl\u0131\u015f politikalara devam etme ve ter\u00f6re deste\u011fi s\u00fcrd\u00fcrmenin kimsenin \u00e7\u0131kar\u0131na olmayaca\u011f\u0131na dikkat \u00e7ekti. Brojerdi ter\u00f6r\u00fcn b\u00f6lgede yay\u0131lma tehlikesine kar\u015f\u0131 \u00f6nemle uyar\u0131da bulundu.<\/p>\n<p>Brojerdi g\u00f6r\u00fc\u015fmede s\u00f6z konusu ayn\u0131 devletlerin demokrasi, insan haklar\u0131, se\u00e7imler ve ter\u00f6rle m\u00fccadele konusunda tamamen \u00e7ifte standartl\u0131 bir politika izlediklerine de vurgu yapt\u0131.<\/p>\n<p>A.A. &#8211; M.M.<\/p>\n","protected":false},"excerpt":{"rendered":"<p>TAHRAN \u2013 \u0130ran \u015eura Meclisinde Milli G\u00fcvenlik ve D\u0131\u015f Politika Komitesi Ba\u015fkan\u0131 Alauddin Brojerdi b\u00f6lgesel ve bat\u0131l\u0131 kimi devletlerin Suriye&#8217;deki durumlara ili\u015fkin tutum e politikalar\u0131n\u0131 ele\u015ftirdi. Tahran\u2019da bug\u00fcn \u0130ngiltere D\u0131\u015fi\u015fleri Bakanl\u0131\u011f\u0131nda Ortado\u011fu Departman Direkt\u00f6r\u00fc Edward Oakden ile g\u00f6r\u00fc\u015fmesinde Brojerdi; s\u00f6z konusu devletlerin Suriye ve tan\u0131k oldu\u011fu durumlara ili\u015fkin yanl\u0131\u015f politikalar\u0131 nedeniyle b\u00f6lgede ter\u00f6r\u00fcn yay\u0131ld\u0131\u011f\u0131n\u0131 belirtti. &hellip;<\/p>\n","protected":false},"author":1,"featured_media":25517,"comment_status":"closed","ping_status":"closed","sticky":false,"template":"","format":"standard","meta":{"footnotes":""},"categories":[458,459,447],"tags":[12149],"class_list":["post-25516","post","type-post","status-publish","format-standard","has-post-thumbnail","","category-dunya1","category-haberler-arap-uluslararasi-politika","category-politika","tag-teroru-destekleyen-politikalar-tum-bolgeye-tehdit-olusturuyor"],"_links":{"self":[{"href":"https:\/\/archive.sana.sy\/tr\/index.php?rest_route=\/wp\/v2\/posts\/25516","targetHints":{"allow":["GET"]}}],"collection":[{"href":"https:\/\/archive.sana.sy\/tr\/index.php?rest_route=\/wp\/v2\/posts"}],"about":[{"href":"https:\/\/archive.sana.sy\/tr\/index.php?rest_route=\/wp\/v2\/types\/post"}],"author":[{"embeddable":true,"href":"https:\/\/archive.sana.sy\/tr\/index.php?rest_route=\/wp\/v2\/users\/1"}],"replies":[{"embeddable":true,"href":"https:\/\/archive.sana.sy\/tr\/index.php?rest_route=%2Fwp%2Fv2%2Fcomments&post=25516"}],"version-history":[{"count":0,"href":"https:\/\/archive.sana.sy\/tr\/index.php?rest_route=\/wp\/v2\/posts\/25516\/revisions"}],"wp:featuredmedia":[{"embeddable":true,"href":"https:\/\/archive.sana.sy\/tr\/index.php?rest_route=\/wp\/v2\/media\/25517"}],"wp:attachment":[{"href":"https:\/\/archive.sana.sy\/tr\/index.php?rest_route=%2Fwp%2Fv2%2Fmedia&parent=25516"}],"wp:term":[{"taxonomy":"category","embeddable":true,"href":"https:\/\/archive.sana.sy\/tr\/index.php?rest_route=%2Fwp%2Fv2%2Fcategories&post=25516"},{"taxonomy":"post_tag","embeddable":true,"href":"https:\/\/archive.sana.sy\/tr\/index.php?rest_route=%2Fwp%2Fv2%2Ftags&post=25516"}],"curies":[{"name":"wp","href":"https:\/\/api.w.org\/{rel}","templated":true}]}}