{"id":255312,"date":"2022-05-19T23:14:17","date_gmt":"2022-05-19T20:14:17","guid":{"rendered":"http:\/\/107.6.182.27\/tr\/?p=255312"},"modified":"2022-05-21T09:07:22","modified_gmt":"2022-05-21T06:07:22","slug":"deyrezzor-halep-ve-rakkada-ulusal-uzlasma-merkezleri-faaliyetlerine-devam-ediyor","status":"publish","type":"post","link":"https:\/\/archive.sana.sy\/tr\/?p=255312","title":{"rendered":"Deyrezzor, Halep ve Rakka&#8217;da Ulusal Uzla\u015fma Merkezleri Faaliyetlerine Devam Ediyor"},"content":{"rendered":"<p style=\"text-align: justify;\">\u0130LLER \u2013 Deyrezzor Kenti ve Rakka k\u0131rsal\u0131ndaki el Sabha, Hayyan ve Tel Aran merkezlerinde, aranan siviller ve zorunlu askeri hizmetinden ka\u00e7anlar i\u00e7in yasal durumlar\u0131 \u00e7\u00f6zme i\u015flemleri devam ediliyor.<\/p>\n<p style=\"text-align: justify;\">SANA muhabiri, Deyrezzor&#8217;daki \u0130\u015f\u00e7i Salonunda \u00e7\u00f6z\u00fcm merkezinde, yerle\u015fim kapsam\u0131ndakileri kendi b\u00f6lgelerinde ve aileleri aras\u0131nda normal ya\u015famlar\u0131na d\u00f6nmelerine haz\u0131rl\u0131k olarak almaya devam etti\u011fini belirtti.<\/p>\n<p style=\"text-align: justify;\">Rakka&#8217;da SANA muhabiri, do\u011fu k\u0131rsal\u0131ndaki Sakha Merkezi&#8217;ne bug\u00fcn yerle\u015fim isteyen \u00e7ok say\u0131da insan\u0131n geldi\u011fine dikkat \u00e7ekerken, yetkili makamlarla i\u015fbirli\u011fi ile ilgili komitenin, do\u011fruluk yoluna geri d\u00f6nmek ve Suriye&#8217;ye kar\u015f\u0131 sald\u0131rgan sava\u015f taraf\u0131ndan tahrip edilenlerin yeniden in\u015fas\u0131na kat\u0131lmak isteyen t\u00fcm aranan ki\u015filer bir araya gelene kadar \u00e7al\u0131\u015fmalar\u0131na devam etti\u011fini belirtti.<\/p>\n<p style=\"text-align: justify;\">P.M.<\/p>\n","protected":false},"excerpt":{"rendered":"<p>\u0130LLER \u2013 Deyrezzor Kenti ve Rakka k\u0131rsal\u0131ndaki el Sabha, Hayyan ve Tel Aran merkezlerinde, aranan siviller ve zorunlu askeri hizmetinden ka\u00e7anlar i\u00e7in yasal durumlar\u0131 \u00e7\u00f6zme i\u015flemleri devam ediliyor. SANA muhabiri, Deyrezzor&#8217;daki \u0130\u015f\u00e7i Salonunda \u00e7\u00f6z\u00fcm merkezinde, yerle\u015fim kapsam\u0131ndakileri kendi b\u00f6lgelerinde ve aileleri aras\u0131nda normal ya\u015famlar\u0131na d\u00f6nmelerine haz\u0131rl\u0131k olarak almaya devam etti\u011fini belirtti. Rakka&#8217;da SANA muhabiri, do\u011fu &hellip;<\/p>\n","protected":false},"author":1,"featured_media":255313,"comment_status":"closed","ping_status":"closed","sticky":false,"template":"","format":"standard","meta":{"footnotes":""},"categories":[479,17988,478],"tags":[],"class_list":["post-255312","post","type-post","status-publish","format-standard","has-post-thumbnail","","category-haberler-yerel","category-son-haberler","category-yerel"],"_links":{"self":[{"href":"https:\/\/archive.sana.sy\/tr\/index.php?rest_route=\/wp\/v2\/posts\/255312","targetHints":{"allow":["GET"]}}],"collection":[{"href":"https:\/\/archive.sana.sy\/tr\/index.php?rest_route=\/wp\/v2\/posts"}],"about":[{"href":"https:\/\/archive.sana.sy\/tr\/index.php?rest_route=\/wp\/v2\/types\/post"}],"author":[{"embeddable":true,"href":"https:\/\/archive.sana.sy\/tr\/index.php?rest_route=\/wp\/v2\/users\/1"}],"replies":[{"embeddable":true,"href":"https:\/\/archive.sana.sy\/tr\/index.php?rest_route=%2Fwp%2Fv2%2Fcomments&post=255312"}],"version-history":[{"count":0,"href":"https:\/\/archive.sana.sy\/tr\/index.php?rest_route=\/wp\/v2\/posts\/255312\/revisions"}],"wp:featuredmedia":[{"embeddable":true,"href":"https:\/\/archive.sana.sy\/tr\/index.php?rest_route=\/wp\/v2\/media\/255313"}],"wp:attachment":[{"href":"https:\/\/archive.sana.sy\/tr\/index.php?rest_route=%2Fwp%2Fv2%2Fmedia&parent=255312"}],"wp:term":[{"taxonomy":"category","embeddable":true,"href":"https:\/\/archive.sana.sy\/tr\/index.php?rest_route=%2Fwp%2Fv2%2Fcategories&post=255312"},{"taxonomy":"post_tag","embeddable":true,"href":"https:\/\/archive.sana.sy\/tr\/index.php?rest_route=%2Fwp%2Fv2%2Ftags&post=255312"}],"curies":[{"name":"wp","href":"https:\/\/api.w.org\/{rel}","templated":true}]}}