{"id":255369,"date":"2022-05-21T13:07:10","date_gmt":"2022-05-21T10:07:10","guid":{"rendered":"http:\/\/107.6.182.27\/tr\/?p=255369"},"modified":"2022-05-22T08:21:42","modified_gmt":"2022-05-22T05:21:42","slug":"suriyenin-kuzeybatisindaki-ormanlardaki-yangin-riski-gostergeleri-yukseldi","status":"publish","type":"post","link":"https:\/\/archive.sana.sy\/tr\/?p=255369","title":{"rendered":"Suriye&#8217;nin Kuzeybat\u0131s\u0131ndaki Ormanlarda Yang\u0131n Riski G\u00f6stergeleri Y\u00fckseldi"},"content":{"rendered":"<p>\u015eAM \u2013 Ormanc\u0131l\u0131k ve Yang\u0131n \u0130zleme Platformu \u201cFERMO\u201d, bug\u00fcn Suriye&#8217;nin kuzeybat\u0131s\u0131ndaki ormanl\u0131k alanlar\u0131n \u00e7o\u011funun y\u00fcksek ve \u00e7ok y\u00fcksek yang\u0131n riski g\u00f6stergelerinin etkisi alt\u0131nda oldu\u011funu, di\u011fer alanlar\u0131n ise orta d\u00fczeyde etki alt\u0131nda kald\u0131\u011f\u0131n\u0131 duyurdu.<\/p>\n<p>Platform, resmi Facebook sayfas\u0131nda, Lazkiye&#8217;nin kuzeyinde ve Hama&#8217;n\u0131n g\u00fcneybat\u0131s\u0131nda yang\u0131n risk seviyelerinin y\u00fcksek oldu\u011funu ve Lazkiye&#8217;nin kuzeyindeki ormanlarda s\u0131n\u0131rl\u0131 yerlerin y\u00fcksek risk seviyesinin alt\u0131nda kalmas\u0131yla yar\u0131ndan itibaren azalmayam ba\u015flayaca\u011f\u0131n\u0131 a\u00e7\u0131klad\u0131.<\/p>\n<p>Platform ayr\u0131ca, herhangi bir ate\u015f yak\u0131lmamas\u0131 ve herhangi yang\u0131n veya dumanlar\u0131n g\u00f6r\u00fclmesi halinde 188 ve 113 numaral\u0131 \u00fccretsiz telefonlardan bildirilmesi \u00e7a\u011fr\u0131s\u0131nda bulundu.<\/p>\n<p><a href=\"https:\/\/www.facebook.com\/hashtag\/telegram_kanal%C4%B1m%C4%B1z?__eep__=6&amp;__cft__%5b0%5d=AZWAPXYXmGa24IkcZ9HYPFbS_UOX_lbexL8cx5uCXyzf9Vqudrx7gWb3MDNBIiYmb57x-vOnIi0y5xOcpCpJsr5GuHKIQT_lLPkZ_T9h8LCjGdfnawDzFza0mH4X1JAqffQe4pkCw9B4h8n3KfTlozPD&amp;__tn__=*NK-R\">#Telegram_Kanal\u0131m\u0131z<\/a>:\u00a0<a href=\"https:\/\/l.facebook.com\/l.php?u=https%3A%2F%2Ft.me%2FSuriyeArapHaberAjans%3Ffbclid%3DIwAR0FHP0pbvxJ5GxmTltE-OA2b_FEw3BktcXy63u3y3hvbKCRQFuLnPuaKVw&amp;h=AT1uVYBY34G6-pJ_A5BAqc2JmrvqdJLSP2V-OrGKmyMKA7uZ-f42iK6kUeq11S5APUS-ID9HNvfzpp5sZAd_OJlMMni8IStek5qlTeZs_BxYoXB9FMo_iOcRJPedn-2Knyw&amp;__tn__=-UK-R&amp;c%5b0%5d=AT0cg77o7kBDTSmCbOA9x7gJGAHzoUTvtCPbG5h5i85rNwRJmcQSDaXbIYjfUsOdhR_HtO3uLTPEumZfasD_CtJx76dsOtCn3wIoVFsEfBVAuMDRUiB-0XQ7Yuszv5COyj_7xuFzuWOg1VhEw46TS34MSkOHyiGaJP8ZUXrBgP2MDA\">https:\/\/t.me\/SuriyeArapHaberAjans<\/a><\/p>\n<p>&nbsp;<\/p>\n","protected":false},"excerpt":{"rendered":"<p>\u015eAM \u2013 Ormanc\u0131l\u0131k ve Yang\u0131n \u0130zleme Platformu \u201cFERMO\u201d, bug\u00fcn Suriye&#8217;nin kuzeybat\u0131s\u0131ndaki ormanl\u0131k alanlar\u0131n \u00e7o\u011funun y\u00fcksek ve \u00e7ok y\u00fcksek yang\u0131n riski g\u00f6stergelerinin etkisi alt\u0131nda oldu\u011funu, di\u011fer alanlar\u0131n ise orta d\u00fczeyde etki alt\u0131nda kald\u0131\u011f\u0131n\u0131 duyurdu. Platform, resmi Facebook sayfas\u0131nda, Lazkiye&#8217;nin kuzeyinde ve Hama&#8217;n\u0131n g\u00fcneybat\u0131s\u0131nda yang\u0131n risk seviyelerinin y\u00fcksek oldu\u011funu ve Lazkiye&#8217;nin kuzeyindeki ormanlarda s\u0131n\u0131rl\u0131 yerlerin y\u00fcksek risk &hellip;<\/p>\n","protected":false},"author":36,"featured_media":255370,"comment_status":"closed","ping_status":"closed","sticky":false,"template":"","format":"standard","meta":{"footnotes":""},"categories":[479,17988,478],"tags":[],"class_list":["post-255369","post","type-post","status-publish","format-standard","has-post-thumbnail","","category-haberler-yerel","category-son-haberler","category-yerel"],"_links":{"self":[{"href":"https:\/\/archive.sana.sy\/tr\/index.php?rest_route=\/wp\/v2\/posts\/255369","targetHints":{"allow":["GET"]}}],"collection":[{"href":"https:\/\/archive.sana.sy\/tr\/index.php?rest_route=\/wp\/v2\/posts"}],"about":[{"href":"https:\/\/archive.sana.sy\/tr\/index.php?rest_route=\/wp\/v2\/types\/post"}],"author":[{"embeddable":true,"href":"https:\/\/archive.sana.sy\/tr\/index.php?rest_route=\/wp\/v2\/users\/36"}],"replies":[{"embeddable":true,"href":"https:\/\/archive.sana.sy\/tr\/index.php?rest_route=%2Fwp%2Fv2%2Fcomments&post=255369"}],"version-history":[{"count":0,"href":"https:\/\/archive.sana.sy\/tr\/index.php?rest_route=\/wp\/v2\/posts\/255369\/revisions"}],"wp:featuredmedia":[{"embeddable":true,"href":"https:\/\/archive.sana.sy\/tr\/index.php?rest_route=\/wp\/v2\/media\/255370"}],"wp:attachment":[{"href":"https:\/\/archive.sana.sy\/tr\/index.php?rest_route=%2Fwp%2Fv2%2Fmedia&parent=255369"}],"wp:term":[{"taxonomy":"category","embeddable":true,"href":"https:\/\/archive.sana.sy\/tr\/index.php?rest_route=%2Fwp%2Fv2%2Fcategories&post=255369"},{"taxonomy":"post_tag","embeddable":true,"href":"https:\/\/archive.sana.sy\/tr\/index.php?rest_route=%2Fwp%2Fv2%2Ftags&post=255369"}],"curies":[{"name":"wp","href":"https:\/\/api.w.org\/{rel}","templated":true}]}}