{"id":255373,"date":"2022-05-21T13:12:48","date_gmt":"2022-05-21T10:12:48","guid":{"rendered":"http:\/\/107.6.182.27\/tr\/?p=255373"},"modified":"2022-05-22T08:21:44","modified_gmt":"2022-05-22T05:21:44","slug":"rusya-savunmasi-batili-ulkeler-tarafindan-ukrayna-ordusuna-teslim-edilen-buyuk-bir-silah-sevkiyati-imha-edildi","status":"publish","type":"post","link":"https:\/\/archive.sana.sy\/tr\/?p=255373","title":{"rendered":"Rusya Savunmas\u0131: Bat\u0131l\u0131 \u00dclkeler Taraf\u0131ndan Ukrayna Ordusuna Teslim Edilen B\u00fcy\u00fck Bir Silah Sevkiyat\u0131 \u0130mha Edildi"},"content":{"rendered":"<p>MOSKOVA \u2013 Rusya Savunma Bakanl\u0131\u011f\u0131, Bat\u0131l\u0131 \u00fclkeler taraf\u0131ndan Ukrayna ordusuna teslim edilen b\u00fcy\u00fck bir silah sevkiyat\u0131n\u0131n Zhytomyr kentinde imha edildi\u011fini duyurdu.<\/p>\n<p>Bakanl\u0131k s\u00f6zc\u00fcs\u00fc T\u00fcmgeneral \u0130gor Konashenkov bug\u00fcn yapt\u0131\u011f\u0131 bas\u0131n a\u00e7\u0131klamas\u0131nda, Rus Hava Kuvvetleri taraf\u0131ndan ger\u00e7ekle\u015ftirilen hava sald\u0131r\u0131lar\u0131nda 270 Ukraynal\u0131 militan\u0131n ortadan kald\u0131r\u0131ld\u0131\u011f\u0131n\u0131 ve 8 m\u00fchimmat deposunun imha edildi\u011fini s\u00f6yledi.<\/p>\n<p><span style=\"color: #0000ff;\">#Telegram_Kanal\u0131m\u0131z: https:\/\/t.me\/SuriyeArapHaberAjans<\/span><\/p>\n","protected":false},"excerpt":{"rendered":"<p>MOSKOVA \u2013 Rusya Savunma Bakanl\u0131\u011f\u0131, Bat\u0131l\u0131 \u00fclkeler taraf\u0131ndan Ukrayna ordusuna teslim edilen b\u00fcy\u00fck bir silah sevkiyat\u0131n\u0131n Zhytomyr kentinde imha edildi\u011fini duyurdu. Bakanl\u0131k s\u00f6zc\u00fcs\u00fc T\u00fcmgeneral \u0130gor Konashenkov bug\u00fcn yapt\u0131\u011f\u0131 bas\u0131n a\u00e7\u0131klamas\u0131nda, Rus Hava Kuvvetleri taraf\u0131ndan ger\u00e7ekle\u015ftirilen hava sald\u0131r\u0131lar\u0131nda 270 Ukraynal\u0131 militan\u0131n ortadan kald\u0131r\u0131ld\u0131\u011f\u0131n\u0131 ve 8 m\u00fchimmat deposunun imha edildi\u011fini s\u00f6yledi. #Telegram_Kanal\u0131m\u0131z: https:\/\/t.me\/SuriyeArapHaberAjans<\/p>\n","protected":false},"author":36,"featured_media":255374,"comment_status":"closed","ping_status":"closed","sticky":false,"template":"","format":"standard","meta":{"footnotes":""},"categories":[458,459,17988],"tags":[],"class_list":["post-255373","post","type-post","status-publish","format-standard","has-post-thumbnail","","category-dunya1","category-haberler-arap-uluslararasi-politika","category-son-haberler"],"_links":{"self":[{"href":"https:\/\/archive.sana.sy\/tr\/index.php?rest_route=\/wp\/v2\/posts\/255373","targetHints":{"allow":["GET"]}}],"collection":[{"href":"https:\/\/archive.sana.sy\/tr\/index.php?rest_route=\/wp\/v2\/posts"}],"about":[{"href":"https:\/\/archive.sana.sy\/tr\/index.php?rest_route=\/wp\/v2\/types\/post"}],"author":[{"embeddable":true,"href":"https:\/\/archive.sana.sy\/tr\/index.php?rest_route=\/wp\/v2\/users\/36"}],"replies":[{"embeddable":true,"href":"https:\/\/archive.sana.sy\/tr\/index.php?rest_route=%2Fwp%2Fv2%2Fcomments&post=255373"}],"version-history":[{"count":0,"href":"https:\/\/archive.sana.sy\/tr\/index.php?rest_route=\/wp\/v2\/posts\/255373\/revisions"}],"wp:featuredmedia":[{"embeddable":true,"href":"https:\/\/archive.sana.sy\/tr\/index.php?rest_route=\/wp\/v2\/media\/255374"}],"wp:attachment":[{"href":"https:\/\/archive.sana.sy\/tr\/index.php?rest_route=%2Fwp%2Fv2%2Fmedia&parent=255373"}],"wp:term":[{"taxonomy":"category","embeddable":true,"href":"https:\/\/archive.sana.sy\/tr\/index.php?rest_route=%2Fwp%2Fv2%2Fcategories&post=255373"},{"taxonomy":"post_tag","embeddable":true,"href":"https:\/\/archive.sana.sy\/tr\/index.php?rest_route=%2Fwp%2Fv2%2Ftags&post=255373"}],"curies":[{"name":"wp","href":"https:\/\/api.w.org\/{rel}","templated":true}]}}