{"id":255376,"date":"2022-05-21T22:11:05","date_gmt":"2022-05-21T19:11:05","guid":{"rendered":"http:\/\/107.6.182.27\/tr\/?p=255376"},"modified":"2022-05-22T08:16:24","modified_gmt":"2022-05-22T05:16:24","slug":"haseke-kirsalinda-bazi-dsg-milisi-olu-ve-yarali-dusuruldu","status":"publish","type":"post","link":"https:\/\/archive.sana.sy\/tr\/?p=255376","title":{"rendered":"Haseke K\u0131rsal\u0131nda Baz\u0131 DSG Milisi \u00d6l\u00fc Ve Yaral\u0131 D\u00fc\u015f\u00fcr\u00fcld\u00fc"},"content":{"rendered":"<p>HASEKE &#8211; Haseke k\u0131rsal\u0131ndaki Yarubiye b\u00f6lgesinde bir milis kontrol noktas\u0131n\u0131 hedef alan sald\u0131r\u0131da ABD i\u015fgaliyle ba\u011flant\u0131l\u0131 \u00e7ok say\u0131da DSG milisi \u00f6l\u00fc ve yaral\u0131 d\u00fc\u015f\u00fcr\u00fcld\u00fc.<\/p>\n<p>Yerel kaynaklar SANA muhabirine a\u00e7\u0131klamalar\u0131nda, kuzeydo\u011fu k\u0131rsal\u0131ndaki Al Yarubiye il\u00e7esine ba\u011fl\u0131 Al Alkane k\u00f6y\u00fcndeki (DSG) milislerine ait bir kontrol noktas\u0131na kimli\u011fi belirsiz ki\u015filerin otomatik silahlarla sald\u0131rarak \u00e7ok say\u0131da ki\u015fiyi \u00f6l\u00fc ve yaral\u0131 d\u00fc\u015f\u00fcrd\u00fcklerini s\u00f6yledi.<\/p>\n","protected":false},"excerpt":{"rendered":"<p>HASEKE &#8211; Haseke k\u0131rsal\u0131ndaki Yarubiye b\u00f6lgesinde bir milis kontrol noktas\u0131n\u0131 hedef alan sald\u0131r\u0131da ABD i\u015fgaliyle ba\u011flant\u0131l\u0131 \u00e7ok say\u0131da DSG milisi \u00f6l\u00fc ve yaral\u0131 d\u00fc\u015f\u00fcr\u00fcld\u00fc. Yerel kaynaklar SANA muhabirine a\u00e7\u0131klamalar\u0131nda, kuzeydo\u011fu k\u0131rsal\u0131ndaki Al Yarubiye il\u00e7esine ba\u011fl\u0131 Al Alkane k\u00f6y\u00fcndeki (DSG) milislerine ait bir kontrol noktas\u0131na kimli\u011fi belirsiz ki\u015filerin otomatik silahlarla sald\u0131rarak \u00e7ok say\u0131da ki\u015fiyi \u00f6l\u00fc ve &hellip;<\/p>\n","protected":false},"author":1,"featured_media":255377,"comment_status":"closed","ping_status":"closed","sticky":false,"template":"","format":"standard","meta":{"footnotes":""},"categories":[479,575,17988,478],"tags":[],"class_list":["post-255376","post","type-post","status-publish","format-standard","has-post-thumbnail","","category-haberler-yerel","category-olaylar-ve-gercekler","category-son-haberler","category-yerel"],"_links":{"self":[{"href":"https:\/\/archive.sana.sy\/tr\/index.php?rest_route=\/wp\/v2\/posts\/255376","targetHints":{"allow":["GET"]}}],"collection":[{"href":"https:\/\/archive.sana.sy\/tr\/index.php?rest_route=\/wp\/v2\/posts"}],"about":[{"href":"https:\/\/archive.sana.sy\/tr\/index.php?rest_route=\/wp\/v2\/types\/post"}],"author":[{"embeddable":true,"href":"https:\/\/archive.sana.sy\/tr\/index.php?rest_route=\/wp\/v2\/users\/1"}],"replies":[{"embeddable":true,"href":"https:\/\/archive.sana.sy\/tr\/index.php?rest_route=%2Fwp%2Fv2%2Fcomments&post=255376"}],"version-history":[{"count":0,"href":"https:\/\/archive.sana.sy\/tr\/index.php?rest_route=\/wp\/v2\/posts\/255376\/revisions"}],"wp:featuredmedia":[{"embeddable":true,"href":"https:\/\/archive.sana.sy\/tr\/index.php?rest_route=\/wp\/v2\/media\/255377"}],"wp:attachment":[{"href":"https:\/\/archive.sana.sy\/tr\/index.php?rest_route=%2Fwp%2Fv2%2Fmedia&parent=255376"}],"wp:term":[{"taxonomy":"category","embeddable":true,"href":"https:\/\/archive.sana.sy\/tr\/index.php?rest_route=%2Fwp%2Fv2%2Fcategories&post=255376"},{"taxonomy":"post_tag","embeddable":true,"href":"https:\/\/archive.sana.sy\/tr\/index.php?rest_route=%2Fwp%2Fv2%2Ftags&post=255376"}],"curies":[{"name":"wp","href":"https:\/\/api.w.org\/{rel}","templated":true}]}}