{"id":255383,"date":"2022-05-21T22:24:17","date_gmt":"2022-05-21T19:24:17","guid":{"rendered":"http:\/\/107.6.182.27\/tr\/?p=255383"},"modified":"2022-05-22T08:17:02","modified_gmt":"2022-05-22T05:17:02","slug":"suriye-ve-sirbistan-arasinda-tarim-alaninda-isbirligi-icin-mutabakat-zapti","status":"publish","type":"post","link":"https:\/\/archive.sana.sy\/tr\/?p=255383","title":{"rendered":"Suriye Ve S\u0131rbistan Aras\u0131nda Tar\u0131m Alan\u0131nda \u0130\u015fbirli\u011fi \u0130\u00e7in Mutabakat Zapt\u0131"},"content":{"rendered":"<p style=\"text-align: justify;\">BELGRAD &#8211; Suriye ve S\u0131rbistan bug\u00fcn Belgrad&#8217;da tar\u0131m alan\u0131nda ikili i\u015fbirli\u011fi i\u00e7in bir mutabakat zapt\u0131 imzalad\u0131.<\/p>\n<p style=\"text-align: justify;\">Tar\u0131m ve Tar\u0131m Reformu Bakan\u0131 M\u00fch. Muhammed Hassan Katana ve S\u0131rbistan Tar\u0131m, Ormanc\u0131l\u0131k ve Su Y\u00f6netimi Bakan\u0131 Pristlav Nadimovi\u00e7 taraf\u0131ndan imzalanan mutabakat anla\u015fmas\u0131, tar\u0131m, bitki ve hayvan alanlar\u0131nda teknolojiler, biyoteknoloji, organik tar\u0131m ve su \u00fcr\u00fcnleri alanlar\u0131nda i\u015fbirli\u011fi ve politika geli\u015ftirme Tar\u0131mda kalite ve deneyim al\u0131\u015fveri\u015fi ve e\u011fitim kurslar\u0131n\u0131n uygulanmas\u0131 yoluyla tar\u0131msal bilimsel ara\u015ft\u0131rma alanlar\u0131nda i\u015fbirli\u011finin desteklenmesini ve g\u00fc\u00e7lendirilmesini ve bunu uygulama yollar\u0131 ile modern teknolojinin geli\u015ftirilmesini ve tan\u0131t\u0131lmas\u0131n\u0131 i\u00e7eriyor.<\/p>\n<p style=\"text-align: justify;\">Mutabakat ayr\u0131ca, tar\u0131m sekt\u00f6r\u00fcndeki temel sorun ve \u00f6ncelikleri ele almak ve tar\u0131msal \u00fcretimin ve sanayi zincirlerinin yerelle\u015ftirilmesine \u00f6nem vermek i\u00e7in kar\u015f\u0131l\u0131kl\u0131 yarar sa\u011flayan projelerin geli\u015ftirilmesini ve uygulanmas\u0131n\u0131 ve tar\u0131m\u0131n katma de\u011ferinin art\u0131r\u0131lmas\u0131n\u0131 sa\u011flamak i\u00e7in bunlarla ilgili uygulamalar\u0131 i\u00e7ermektedir.<\/p>\n<p style=\"text-align: justify;\">Muht\u0131ran\u0131n imzalanmas\u0131ndan \u00f6nce, iki bakan Katana ve Nadimovi\u00e7 aras\u0131nda iki \u00fclke aras\u0131ndaki ekonomik ve ticari ili\u015fkileri geli\u015ftirmenin yollar\u0131n\u0131 tart\u0131\u015ft\u0131klar\u0131 bir g\u00f6r\u00fc\u015fme yap\u0131ld\u0131.<\/p>\n<p style=\"text-align: justify;\">M\u00fch. Katana g\u00f6r\u00fc\u015fmede, ticaret al\u0131\u015fveri\u015finin temel belirleyicileri olan tar\u0131m ve veteriner karantinalar\u0131n\u0131 d\u00fczenleyen yasa ve talimatlara at\u0131fta bulunarak, iki \u00fclke aras\u0131ndaki ticaret al\u0131\u015fveri\u015finin seviyesinin y\u00fckseltilmesi gerekti\u011fini vurgulad\u0131.<\/p>\n<p style=\"text-align: justify;\">M\u00fchendis Katana, yem ithali ve fosfat ve azotlu g\u00fcbre \u00fcr\u00fcnlerinin de\u011fi\u015fimine ili\u015fkin teknik ve mali ko\u015fullara da dikkat \u00e7ekerek, S\u0131rbistan taraf\u0131na mevcut tarihlerle birlikte S\u0131rbistan&#8217;a ihra\u00e7 edilebilecek miktarlar da dahil olmak \u00fczere bir taze tar\u0131m \u00fcr\u00fcnleri takvimi hakk\u0131nda bilgi verdi.<\/p>\n<p style=\"text-align: justify;\">Kendi y\u00f6n\u00fcnden S\u0131rbistan Tar\u0131m Bakan\u0131 ise \u00fclkesinin Suriye ile ticaret al\u0131\u015fveri\u015fini geli\u015ftirme arzusunu dile getirerek, ekonomik, tar\u0131msal ve ticari ili\u015fkilerin iki dost \u00fclke aras\u0131ndaki siyasi ili\u015fkiler d\u00fczeyine \u00e7\u0131kar\u0131lmas\u0131n\u0131n \u00f6nemini ve S\u0131rp taraf\u0131n\u0131n bu\u011fday, m\u0131s\u0131r, m\u0131s\u0131r ya\u011f\u0131, ay\u00e7i\u00e7ek, g\u00fcbre ve yem de dahil olmak \u00fczere fazla tar\u0131m \u00fcr\u00fcn\u00fcn\u00fc ihra\u00e7 etme g\u00fcc\u00fcnden faydalan\u0131lmas\u0131 gerekti\u011fini vurgulad\u0131.<\/p>\n","protected":false},"excerpt":{"rendered":"<p>BELGRAD &#8211; Suriye ve S\u0131rbistan bug\u00fcn Belgrad&#8217;da tar\u0131m alan\u0131nda ikili i\u015fbirli\u011fi i\u00e7in bir mutabakat zapt\u0131 imzalad\u0131. Tar\u0131m ve Tar\u0131m Reformu Bakan\u0131 M\u00fch. Muhammed Hassan Katana ve S\u0131rbistan Tar\u0131m, Ormanc\u0131l\u0131k ve Su Y\u00f6netimi Bakan\u0131 Pristlav Nadimovi\u00e7 taraf\u0131ndan imzalanan mutabakat anla\u015fmas\u0131, tar\u0131m, bitki ve hayvan alanlar\u0131nda teknolojiler, biyoteknoloji, organik tar\u0131m ve su \u00fcr\u00fcnleri alanlar\u0131nda i\u015fbirli\u011fi ve politika &hellip;<\/p>\n","protected":false},"author":1,"featured_media":255385,"comment_status":"closed","ping_status":"closed","sticky":false,"template":"","format":"standard","meta":{"footnotes":""},"categories":[458,459,17988],"tags":[],"class_list":["post-255383","post","type-post","status-publish","format-standard","has-post-thumbnail","","category-dunya1","category-haberler-arap-uluslararasi-politika","category-son-haberler"],"_links":{"self":[{"href":"https:\/\/archive.sana.sy\/tr\/index.php?rest_route=\/wp\/v2\/posts\/255383","targetHints":{"allow":["GET"]}}],"collection":[{"href":"https:\/\/archive.sana.sy\/tr\/index.php?rest_route=\/wp\/v2\/posts"}],"about":[{"href":"https:\/\/archive.sana.sy\/tr\/index.php?rest_route=\/wp\/v2\/types\/post"}],"author":[{"embeddable":true,"href":"https:\/\/archive.sana.sy\/tr\/index.php?rest_route=\/wp\/v2\/users\/1"}],"replies":[{"embeddable":true,"href":"https:\/\/archive.sana.sy\/tr\/index.php?rest_route=%2Fwp%2Fv2%2Fcomments&post=255383"}],"version-history":[{"count":0,"href":"https:\/\/archive.sana.sy\/tr\/index.php?rest_route=\/wp\/v2\/posts\/255383\/revisions"}],"wp:featuredmedia":[{"embeddable":true,"href":"https:\/\/archive.sana.sy\/tr\/index.php?rest_route=\/wp\/v2\/media\/255385"}],"wp:attachment":[{"href":"https:\/\/archive.sana.sy\/tr\/index.php?rest_route=%2Fwp%2Fv2%2Fmedia&parent=255383"}],"wp:term":[{"taxonomy":"category","embeddable":true,"href":"https:\/\/archive.sana.sy\/tr\/index.php?rest_route=%2Fwp%2Fv2%2Fcategories&post=255383"},{"taxonomy":"post_tag","embeddable":true,"href":"https:\/\/archive.sana.sy\/tr\/index.php?rest_route=%2Fwp%2Fv2%2Ftags&post=255383"}],"curies":[{"name":"wp","href":"https:\/\/api.w.org\/{rel}","templated":true}]}}