{"id":255390,"date":"2022-05-21T22:38:34","date_gmt":"2022-05-21T19:38:34","guid":{"rendered":"http:\/\/107.6.182.27\/tr\/?p=255390"},"modified":"2022-05-22T08:17:40","modified_gmt":"2022-05-22T05:17:40","slug":"suriyenin-katilimiyla-dunya-saglik-cemiyeti-yarin-75-donem-calismalarini-baslatiyor","status":"publish","type":"post","link":"https:\/\/archive.sana.sy\/tr\/?p=255390","title":{"rendered":"Suriye&#8217;nin Kat\u0131l\u0131m\u0131yla.. D\u00fcnya Sa\u011fl\u0131k Cemiyeti Yar\u0131n 75. D\u00f6nem \u00c7al\u0131\u015fmalar\u0131n\u0131 Ba\u015flat\u0131yor"},"content":{"rendered":"<p style=\"text-align: justify;\">\u015eAM &#8211; Suriye&#8217;nin kat\u0131l\u0131m\u0131yla yar\u0131n Cenevre&#8217;de ba\u015flayacak olan D\u00fcnya Sa\u011fl\u0131k Cemiyeti 75. oturumunun \u00e7al\u0131\u015fmalar\u0131 bu ay\u0131n 28&#8217;ine kadar devam edecek.<\/p>\n<p style=\"text-align: justify;\">Oturumun g\u00fcndemi, sa\u011fl\u0131k sistemleri ve hizmetleri i\u00e7in politikalar tasarlamay\u0131, halk sa\u011fl\u0131\u011f\u0131 konular\u0131n\u0131 vurgulamay\u0131, Korona pandemi dosyas\u0131 da dahil olmak \u00fczere acil durum m\u00fcdahalesini ve haz\u0131rl\u0131kl\u0131 olmay\u0131 i\u00e7eriyor.<\/p>\n<p style=\"text-align: justify;\">Kat\u0131l\u0131mc\u0131lar, g\u00f6zetim ve sa\u011fl\u0131kla ilgili acil durumlara m\u00fcdahale, i\u015fgal alt\u0131ndaki Filistin topraklar\u0131 ve i\u015fgal alt\u0131ndaki Suriyeli Golan&#8217;daki sa\u011fl\u0131k ko\u015fullar\u0131 ve tropikal hastal\u0131klar, menenjit, diyabet, k\u00fcresel t\u00fct\u00fcn kontrol\u00fc s\u00f6zle\u015fmesi, bula\u015f\u0131c\u0131 olmayan hastal\u0131klar, rahim a\u011fz\u0131 kanserinin yok edilmesi, a\u011f\u0131z sa\u011fl\u0131\u011f\u0131na ili\u015fkin k\u00fcresel strateji, obezitenin \u00f6nlenmesi \u00f6nleme ve kontrol yollar\u0131 gibi bir\u00e7ok sa\u011fl\u0131k sorununu g\u00fcndeme getiriyor.<\/p>\n<p style=\"text-align: justify;\">D\u00f6nem \u00e7al\u0131\u015fmalar\u0131na sivil toplum kurulu\u015flar\u0131, uluslararas\u0131 kurulu\u015flar ve ba\u011f\u0131\u015f\u00e7\u0131lar\u0131n temsilcilerinin yan\u0131 s\u0131ra Suriye dahil 194 \u00fclke kat\u0131l\u0131yor.<\/p>\n","protected":false},"excerpt":{"rendered":"<p>\u015eAM &#8211; Suriye&#8217;nin kat\u0131l\u0131m\u0131yla yar\u0131n Cenevre&#8217;de ba\u015flayacak olan D\u00fcnya Sa\u011fl\u0131k Cemiyeti 75. oturumunun \u00e7al\u0131\u015fmalar\u0131 bu ay\u0131n 28&#8217;ine kadar devam edecek. Oturumun g\u00fcndemi, sa\u011fl\u0131k sistemleri ve hizmetleri i\u00e7in politikalar tasarlamay\u0131, halk sa\u011fl\u0131\u011f\u0131 konular\u0131n\u0131 vurgulamay\u0131, Korona pandemi dosyas\u0131 da dahil olmak \u00fczere acil durum m\u00fcdahalesini ve haz\u0131rl\u0131kl\u0131 olmay\u0131 i\u00e7eriyor. Kat\u0131l\u0131mc\u0131lar, g\u00f6zetim ve sa\u011fl\u0131kla ilgili acil durumlara m\u00fcdahale, &hellip;<\/p>\n","protected":false},"author":1,"featured_media":255391,"comment_status":"closed","ping_status":"closed","sticky":false,"template":"","format":"standard","meta":{"footnotes":""},"categories":[479,17988,478],"tags":[],"class_list":["post-255390","post","type-post","status-publish","format-standard","has-post-thumbnail","","category-haberler-yerel","category-son-haberler","category-yerel"],"_links":{"self":[{"href":"https:\/\/archive.sana.sy\/tr\/index.php?rest_route=\/wp\/v2\/posts\/255390","targetHints":{"allow":["GET"]}}],"collection":[{"href":"https:\/\/archive.sana.sy\/tr\/index.php?rest_route=\/wp\/v2\/posts"}],"about":[{"href":"https:\/\/archive.sana.sy\/tr\/index.php?rest_route=\/wp\/v2\/types\/post"}],"author":[{"embeddable":true,"href":"https:\/\/archive.sana.sy\/tr\/index.php?rest_route=\/wp\/v2\/users\/1"}],"replies":[{"embeddable":true,"href":"https:\/\/archive.sana.sy\/tr\/index.php?rest_route=%2Fwp%2Fv2%2Fcomments&post=255390"}],"version-history":[{"count":0,"href":"https:\/\/archive.sana.sy\/tr\/index.php?rest_route=\/wp\/v2\/posts\/255390\/revisions"}],"wp:featuredmedia":[{"embeddable":true,"href":"https:\/\/archive.sana.sy\/tr\/index.php?rest_route=\/wp\/v2\/media\/255391"}],"wp:attachment":[{"href":"https:\/\/archive.sana.sy\/tr\/index.php?rest_route=%2Fwp%2Fv2%2Fmedia&parent=255390"}],"wp:term":[{"taxonomy":"category","embeddable":true,"href":"https:\/\/archive.sana.sy\/tr\/index.php?rest_route=%2Fwp%2Fv2%2Fcategories&post=255390"},{"taxonomy":"post_tag","embeddable":true,"href":"https:\/\/archive.sana.sy\/tr\/index.php?rest_route=%2Fwp%2Fv2%2Ftags&post=255390"}],"curies":[{"name":"wp","href":"https:\/\/api.w.org\/{rel}","templated":true}]}}