{"id":255393,"date":"2022-05-21T23:17:44","date_gmt":"2022-05-21T20:17:44","guid":{"rendered":"http:\/\/107.6.182.27\/tr\/?p=255393"},"modified":"2022-05-22T08:17:59","modified_gmt":"2022-05-22T05:17:59","slug":"fuar-sehri-alaninda-yerli-mali-makineler-ve-urunler-sinex-fuarinda","status":"publish","type":"post","link":"https:\/\/archive.sana.sy\/tr\/?p=255393","title":{"rendered":"Fuar \u015eehri Alan\u0131nda Yerli Mal\u0131 Makineler Ve \u00dcr\u00fcnler (Sinex) Fuar\u0131nda"},"content":{"rendered":"<p style=\"text-align: justify;\">\u015eAM &#8211; Halihaz\u0131rda \u015eam Fuarlar Kentinde d\u00fczenlenen Suriye Makine, End\u00fcstriyel Ekipman, Ambalaj ve Plastik Sanayi Fuar\u0131 &#8220;S\u0130NEX&#8221;e kat\u0131lan firmalar\u0131n pazarlamalar\u0131nda \u00f6nemli konu makine ve end\u00fcstriyel \u00fcr\u00fcnlerde yerli sanayileri tan\u0131tmak ve en son teknolojilerle tan\u0131\u015fmak.<\/p>\n<p style=\"text-align: justify;\">etalurji End\u00fcstrileri Genel \u015eirketi &#8220;Barada&#8221; direkt\u00f6r\u00fc M\u00fchendis Ali Abbas&#8217;a g\u00f6re buzdolaplar\u0131, \u00e7ama\u015f\u0131r makineleri, gazl\u0131 f\u0131r\u0131nlar, fanlar ve di\u011fer ana \u00fcr\u00fcnlerini sergilediklerini belirterek, kamu ve \u00f6zel sekt\u00f6rlerinde yerel pazar\u0131n ihtiya\u00e7lar\u0131n\u0131 kar\u015f\u0131layabilecek kal\u0131p fabrikas\u0131 ve yak\u0131nda hizmete girecek olan plastik enjeksiyon makinesi \u00fcr\u00fcnleri ve fuar\u0131n \u015firketin \u00fcr\u00fcnlerini haz\u0131r olanlardan tan\u0131tmak i\u00e7in bir f\u0131rsat oldu\u011funu vurgulad\u0131.<\/p>\n<p style=\"text-align: justify;\">\u015eam Kablo Sanayi Genel M\u00fcd\u00fcr\u00fc M\u00fchendis Abdul Kader Al Kaddour, ihtisas fuarlar\u0131n\u0131n yeniden yap\u0131lanma a\u015famas\u0131nda, yerli ve yabanc\u0131 firmalarla deneyim al\u0131\u015fveri\u015finde bulunmak ve ileti\u015fim kurmak i\u00e7in b\u00fcy\u00fck \u00f6nem ta\u015f\u0131d\u0131\u011f\u0131n\u0131 belirtti.<\/p>\n<p style=\"text-align: justify;\">\u0130la\u00e7 ve g\u0131da \u00fcretiminin ihtiya\u00e7lar\u0131na hizmet eden makineler \u00fcreten \u00f6zel bir \u015firketin direkt\u00f6r\u00fc M\u00fch. G\u0131yas Abdulselam, Suriye&#8217;de \u00fcretilen makineler kom\u015fu pazarlarda m\u00fckemmel bir \u00fcne sahip oldu\u011funu, 2011&#8217;den \u00f6nce y\u00fczde 80&#8217;e yak\u0131n\u0131n\u0131n ihracata y\u00f6nelik oldu\u011funu, ancak \u00fclkeye uygulanan ekonomik yapt\u0131r\u0131mlar nedeniyle sanayici bunlar\u0131 ihra\u00e7 etmekte b\u00fcy\u00fck zorluklar ya\u015fad\u0131\u011f\u0131na dikkat \u00e7ekti.<\/p>\n","protected":false},"excerpt":{"rendered":"<p>\u015eAM &#8211; Halihaz\u0131rda \u015eam Fuarlar Kentinde d\u00fczenlenen Suriye Makine, End\u00fcstriyel Ekipman, Ambalaj ve Plastik Sanayi Fuar\u0131 &#8220;S\u0130NEX&#8221;e kat\u0131lan firmalar\u0131n pazarlamalar\u0131nda \u00f6nemli konu makine ve end\u00fcstriyel \u00fcr\u00fcnlerde yerli sanayileri tan\u0131tmak ve en son teknolojilerle tan\u0131\u015fmak. etalurji End\u00fcstrileri Genel \u015eirketi &#8220;Barada&#8221; direkt\u00f6r\u00fc M\u00fchendis Ali Abbas&#8217;a g\u00f6re buzdolaplar\u0131, \u00e7ama\u015f\u0131r makineleri, gazl\u0131 f\u0131r\u0131nlar, fanlar ve di\u011fer ana \u00fcr\u00fcnlerini sergilediklerini &hellip;<\/p>\n","protected":false},"author":1,"featured_media":255394,"comment_status":"closed","ping_status":"closed","sticky":false,"template":"","format":"standard","meta":{"footnotes":""},"categories":[485,486,17988],"tags":[],"class_list":["post-255393","post","type-post","status-publish","format-standard","has-post-thumbnail","","category-is-ve-sermaye","category-haberler-is-ve-sermaye","category-son-haberler"],"_links":{"self":[{"href":"https:\/\/archive.sana.sy\/tr\/index.php?rest_route=\/wp\/v2\/posts\/255393","targetHints":{"allow":["GET"]}}],"collection":[{"href":"https:\/\/archive.sana.sy\/tr\/index.php?rest_route=\/wp\/v2\/posts"}],"about":[{"href":"https:\/\/archive.sana.sy\/tr\/index.php?rest_route=\/wp\/v2\/types\/post"}],"author":[{"embeddable":true,"href":"https:\/\/archive.sana.sy\/tr\/index.php?rest_route=\/wp\/v2\/users\/1"}],"replies":[{"embeddable":true,"href":"https:\/\/archive.sana.sy\/tr\/index.php?rest_route=%2Fwp%2Fv2%2Fcomments&post=255393"}],"version-history":[{"count":0,"href":"https:\/\/archive.sana.sy\/tr\/index.php?rest_route=\/wp\/v2\/posts\/255393\/revisions"}],"wp:featuredmedia":[{"embeddable":true,"href":"https:\/\/archive.sana.sy\/tr\/index.php?rest_route=\/wp\/v2\/media\/255394"}],"wp:attachment":[{"href":"https:\/\/archive.sana.sy\/tr\/index.php?rest_route=%2Fwp%2Fv2%2Fmedia&parent=255393"}],"wp:term":[{"taxonomy":"category","embeddable":true,"href":"https:\/\/archive.sana.sy\/tr\/index.php?rest_route=%2Fwp%2Fv2%2Fcategories&post=255393"},{"taxonomy":"post_tag","embeddable":true,"href":"https:\/\/archive.sana.sy\/tr\/index.php?rest_route=%2Fwp%2Fv2%2Ftags&post=255393"}],"curies":[{"name":"wp","href":"https:\/\/api.w.org\/{rel}","templated":true}]}}