{"id":255396,"date":"2022-05-21T23:19:51","date_gmt":"2022-05-21T20:19:51","guid":{"rendered":"http:\/\/107.6.182.27\/tr\/?p=255396"},"modified":"2022-05-23T08:24:28","modified_gmt":"2022-05-23T05:24:28","slug":"suriye-bm-ve-gknden-israil-saldirilarini-kinamaya-isgali-sona-erdirmek-icin-ilgili-kararlari-uygulamaya-cagirdi","status":"publish","type":"post","link":"https:\/\/archive.sana.sy\/tr\/?p=255396","title":{"rendered":"Suriye, BM Ve GK&#8217;nden \u0130srail Sald\u0131r\u0131lar\u0131n\u0131 K\u0131namaya, \u0130\u015fgali Sona Erdirmek \u0130\u00e7in \u0130lgili Kararlar\u0131 Uygulamaya \u00c7a\u011f\u0131rd\u0131"},"content":{"rendered":"<p style=\"text-align: justify;\">\u015eAM &#8211; Suriye bir kez daha Birle\u015fmi\u015f Milletler ve G\u00fcvenlik Konseyi&#8217;ni tekrarlanan \u0130srail sald\u0131r\u0131lar\u0131n\u0131 a\u00e7\u0131k ve net bir \u015fekilde k\u0131namaya ve \u0130srail&#8217;in i\u015fgal etti\u011fi topraklar\u0131 i\u015fgaline son vermeyle ilgili Birle\u015fmi\u015f Milletler kararlar\u0131n\u0131 uygulamaya \u00e7a\u011f\u0131rd\u0131.<\/p>\n<p style=\"text-align: justify;\">D\u0131\u015fi\u015fleri ve Gurbet\u00e7iler Bakanl\u0131\u011f\u0131 bug\u00fcn Birle\u015fmi\u015f Milletler ve G\u00fcvenlik Konseyi&#8217;ne g\u00f6nderdi\u011fi bir mektupta, &#8220;\u0130srail i\u015fgal g\u00fc\u00e7leri bir hafta i\u00e7inde ikinci kez Suriye Arap Cumhuriyeti topraklar\u0131na y\u00f6nelik bir f\u00fcze sald\u0131r\u0131s\u0131 ger\u00e7ekle\u015ftirdi\u011fini, 20 May\u0131s 2022 Cumartesi ak\u015fam\u0131 saat on bir sular\u0131nda d\u00fc\u015fman \u0130srail&#8217;in i\u015fgal etti\u011fi Suriyeli Arap Golan y\u00f6n\u00fcnden karadan karaya f\u00fczelerle \u015eam&#8217;\u0131n g\u00fcneyindeki baz\u0131 noktalara sald\u0131rarak hedef ald\u0131\u011f\u0131n\u0131, bunun sonucunda da \u00fc\u00e7 ki\u015finin \u00f6l\u00fcm\u00fcne ve maddi kay\u0131plara yol a\u00e7t\u0131\u011f\u0131n\u0131&#8221; s\u00f6yledi.<\/p>\n<p style=\"text-align: justify;\">Bakanl\u0131k, &#8220;Suriye Arap Cumhuriyeti bu bariz sald\u0131r\u0131y\u0131 k\u0131nad\u0131\u011f\u0131n\u0131, uluslararas\u0131 hukuk ve Birle\u015fmi\u015f Milletler \u015eart\u0131 taraf\u0131ndan tan\u0131nan uygun yollarla yan\u0131t verme hakk\u0131n\u0131 sakl\u0131 tuttu\u011funu vurgulad\u0131\u011f\u0131n\u0131, Birle\u015fmi\u015f Milletler Genel Sekreteri ve G\u00fcvenlik Konseyi&#8217;nden, G\u00fcvenlik Konseyi&#8217;nin uluslararas\u0131 bar\u0131\u015f ve g\u00fcvenli\u011fi koruma ve Birle\u015fmi\u015f Milletler kararlar\u0131n\u0131 uygulama yetkisine uygun olarak, tekrarlanan \u0130srail sald\u0131r\u0131lar\u0131n\u0131 a\u00e7\u0131k ve net bir \u015fekilde k\u0131namas\u0131n\u0131 bekledi\u011fini, \u0130srail&#8217;in i\u015fgal etti\u011fi Suriye topraklar\u0131n\u0131 i\u015fgalini sona erdirmekle ilgili ve ayr\u0131ca \u0130srail sald\u0131rgan\u0131n\u0131 ilgili G\u00fcvenlik Konseyi kararlar\u0131na sayg\u0131 duymaya ve 31 May\u0131s 1974&#8217;te Cenevre&#8217;de imzalanan Kuvvetler Ayr\u0131l\u0131\u011f\u0131 ve Geri \u00c7ekilme Anla\u015fmas\u0131n\u0131n \u015fartlar\u0131n\u0131 yerine getirme taahh\u00fcd\u00fcne sad\u0131k kalmas\u0131, b\u00f6lgesel ve uluslararas\u0131 bar\u0131\u015f ve g\u00fcvenli\u011fi tehdit etmeye derhal ve ko\u015fulsuz olarak son vermeye \u00e7a\u011f\u0131rd\u0131.<\/p>\n<p><a class=\"oajrlxb2 g5ia77u1 qu0x051f esr5mh6w e9989ue4 r7d6kgcz rq0escxv nhd2j8a9 nc684nl6 p7hjln8o kvgmc6g5 cxmmr5t8 oygrvhab hcukyx3x jb3vyjys rz4wbd8a qt6c0cv9 a8nywdso i1ao9s8h esuyzwwr f1sip0of lzcic4wl gpro0wi8 q66pz984 b1v8xokw\" tabindex=\"0\" role=\"link\" href=\"https:\/\/www.facebook.com\/hashtag\/telegram_kanal%C4%B1m%C4%B1z?__eep__=6&amp;__cft__[0]=AZXYlRPdbXRJaUkHlILy_UuTrdxjMN6N6YVUXckOb0N5tKro_tXrTJjgJTXu0VulHGUbsKsk9712QzPSML1G1aN3dbYjguJv6luhxdjTo0QPJFttaZZjM46Zv-gt8LxRTiDu6HCPNG1GmIcJs9IU4XiR4CB8YSFxiu7oR6y6fT3yI1-vB-E1nuvfHtvSjRowfRk&amp;__tn__=*NK-R\">#Telegram_Kanal\u0131m\u0131z<\/a>: <a class=\"oajrlxb2 g5ia77u1 qu0x051f esr5mh6w e9989ue4 r7d6kgcz rq0escxv nhd2j8a9 nc684nl6 p7hjln8o kvgmc6g5 cxmmr5t8 oygrvhab hcukyx3x jb3vyjys rz4wbd8a qt6c0cv9 a8nywdso i1ao9s8h esuyzwwr f1sip0of lzcic4wl gpro0wi8 py34i1dx\" tabindex=\"0\" role=\"link\" href=\"https:\/\/t.me\/SuriyeArapHaberAjans?fbclid=IwAR3QnStGiIb7gtXVZQE98PL4nCqDAwd4ITH0Bm2IyTOVuJWKnnsdxIRfptw\" target=\"_blank\" rel=\"nofollow noopener\">https:\/\/t.me\/SuriyeArapHaberAjans<\/a><\/p>\n","protected":false},"excerpt":{"rendered":"<p>\u015eAM &#8211; Suriye bir kez daha Birle\u015fmi\u015f Milletler ve G\u00fcvenlik Konseyi&#8217;ni tekrarlanan \u0130srail sald\u0131r\u0131lar\u0131n\u0131 a\u00e7\u0131k ve net bir \u015fekilde k\u0131namaya ve \u0130srail&#8217;in i\u015fgal etti\u011fi topraklar\u0131 i\u015fgaline son vermeyle ilgili Birle\u015fmi\u015f Milletler kararlar\u0131n\u0131 uygulamaya \u00e7a\u011f\u0131rd\u0131. D\u0131\u015fi\u015fleri ve Gurbet\u00e7iler Bakanl\u0131\u011f\u0131 bug\u00fcn Birle\u015fmi\u015f Milletler ve G\u00fcvenlik Konseyi&#8217;ne g\u00f6nderdi\u011fi bir mektupta, &#8220;\u0130srail i\u015fgal g\u00fc\u00e7leri bir hafta i\u00e7inde ikinci kez &hellip;<\/p>\n","protected":false},"author":1,"featured_media":255397,"comment_status":"closed","ping_status":"closed","sticky":false,"template":"","format":"standard","meta":{"footnotes":""},"categories":[479,17988,478],"tags":[],"class_list":["post-255396","post","type-post","status-publish","format-standard","has-post-thumbnail","","category-haberler-yerel","category-son-haberler","category-yerel"],"_links":{"self":[{"href":"https:\/\/archive.sana.sy\/tr\/index.php?rest_route=\/wp\/v2\/posts\/255396","targetHints":{"allow":["GET"]}}],"collection":[{"href":"https:\/\/archive.sana.sy\/tr\/index.php?rest_route=\/wp\/v2\/posts"}],"about":[{"href":"https:\/\/archive.sana.sy\/tr\/index.php?rest_route=\/wp\/v2\/types\/post"}],"author":[{"embeddable":true,"href":"https:\/\/archive.sana.sy\/tr\/index.php?rest_route=\/wp\/v2\/users\/1"}],"replies":[{"embeddable":true,"href":"https:\/\/archive.sana.sy\/tr\/index.php?rest_route=%2Fwp%2Fv2%2Fcomments&post=255396"}],"version-history":[{"count":0,"href":"https:\/\/archive.sana.sy\/tr\/index.php?rest_route=\/wp\/v2\/posts\/255396\/revisions"}],"wp:featuredmedia":[{"embeddable":true,"href":"https:\/\/archive.sana.sy\/tr\/index.php?rest_route=\/wp\/v2\/media\/255397"}],"wp:attachment":[{"href":"https:\/\/archive.sana.sy\/tr\/index.php?rest_route=%2Fwp%2Fv2%2Fmedia&parent=255396"}],"wp:term":[{"taxonomy":"category","embeddable":true,"href":"https:\/\/archive.sana.sy\/tr\/index.php?rest_route=%2Fwp%2Fv2%2Fcategories&post=255396"},{"taxonomy":"post_tag","embeddable":true,"href":"https:\/\/archive.sana.sy\/tr\/index.php?rest_route=%2Fwp%2Fv2%2Ftags&post=255396"}],"curies":[{"name":"wp","href":"https:\/\/api.w.org\/{rel}","templated":true}]}}