{"id":255402,"date":"2022-05-21T23:24:36","date_gmt":"2022-05-21T20:24:36","guid":{"rendered":"http:\/\/107.6.182.27\/tr\/?p=255402"},"modified":"2022-05-23T08:25:14","modified_gmt":"2022-05-23T05:25:14","slug":"suriye-kalkinma-vakfi-kampanyasi-lazkiye-kirsalindaki-tarim-arazilerine-hayat-veriyor","status":"publish","type":"post","link":"https:\/\/archive.sana.sy\/tr\/?p=255402","title":{"rendered":"Suriye Kalk\u0131nma Vakf\u0131 Kampanyas\u0131, Lazkiye K\u0131rsal\u0131ndaki Tar\u0131m Arazilerine Hayat Veriyor"},"content":{"rendered":"<p style=\"text-align: justify;\">LAZK\u0130YE &#8211; Suriye \u00d6zel Kalk\u0131nma Vakf\u0131&#8217;n\u0131n yang\u0131nlardan etkilenen tar\u0131m arazilerini s\u00fcrmeye devam etmesiyle birlikte, Lazkiye k\u0131rsal\u0131ndaki Al Fahura&#8217;daki tar\u0131m arazilerinin durumu \u015fimdi bir ay \u00f6ncesinden farkl\u0131.<\/p>\n<p style=\"text-align: justify;\">Yang\u0131ndan etkilenen 24.000 d\u00f6n\u00fcm arazinin s\u00fcr\u00fcld\u00fc\u011f\u00fc ve d\u00f6rd\u00fcnc\u00fc haftas\u0131na giren kampanya, ayn\u0131 zamanda arazilerine yat\u0131r\u0131m yapan ve ayn\u0131 zamanda kendilerine yetmeye yard\u0131mc\u0131 olan mevsimlik sebzeleri ekerek arazilerine yat\u0131r\u0131m yapan vatanda\u015flardan da olumlu bir etkile\u015fim ald\u0131.<\/p>\n<p style=\"text-align: justify;\">Manarat Al Fahura Belediyesi M\u00fcd\u00fcr\u00fc Natalie Farah, SANA muhabirine yapt\u0131\u011f\u0131 a\u00e7\u0131klamada, kampanyan\u0131n tar\u0131m birlikleri ba\u015fkanlar\u0131, k\u00f6y belediye ba\u015fkanlar\u0131, belediye koordinat\u00f6rleri, Tar\u0131m M\u00fcd\u00fcrl\u00fc\u011f\u00fc ve yerel y\u00f6netimlerle tam bir i\u015fbirli\u011fi ve koordinasyon i\u00e7inde y\u00fcr\u00fct\u00fcld\u00fc\u011f\u00fcn\u00fc belirtti.<\/p>\n<p style=\"text-align: justify;\">Kampanyan\u0131n uygulanmas\u0131na 96 tar\u0131m trakt\u00f6r\u00fc ve 31 k\u00fcltivat\u00f6r\u00fcn kat\u0131ld\u0131\u011f\u0131n\u0131, arazinin cinsine ve do\u011fas\u0131na g\u00f6re kullan\u0131ld\u0131\u011f\u0131na ve nas\u0131l ula\u015f\u0131laca\u011f\u0131na dikkat \u00e7eken Farah, kampanyan\u0131n \u00fc\u00e7 \u00f6ncelik \u00fczerinden ger\u00e7ekle\u015fti\u011fine dikkat \u00e7ekerek, birinci a\u015fama mevsim sebzeleri ile yeti\u015ftirilebilen araziler ve ikinci a\u015famada narenciye ve zeytin ekilen araziler, \u00fc\u00e7\u00fcnc\u00fc a\u015fama ise onlar\u0131 yabanc\u0131 otlardan temizlemek ve sahiplerinin onlar\u0131 yeti\u015ftirmeye ve yang\u0131n tehlikesinden uzak tutmalar\u0131na yard\u0131mc\u0131 olmak ve te\u015fvik etmek i\u00e7in ihmal edilen arazileri i\u00e7eriyor.<\/p>\n<p style=\"text-align: justify;\">Lazkiye Tar\u0131m M\u00fcd\u00fcr\u00fc M\u00fch. Basim Duba, Al Fahura b\u00f6lgesinin 2020 y\u0131l\u0131nda yang\u0131ndan en \u00e7ok etkilenen b\u00f6lgelerden biri oldu\u011funu ve buna g\u00f6re Suriye Kalk\u0131nma Vakf\u0131&#8217;n\u0131n \u00e7e\u015fitli alanlarda geli\u015fimi i\u00e7in entegre \u00e7al\u0131\u015fmalar haz\u0131rlad\u0131\u011f\u0131n\u0131 a\u00e7\u0131klad\u0131.<\/p>\n<p style=\"text-align: justify;\">Duba, kampanyan\u0131n \u015fu ana kadar 24 bin d\u00f6n\u00fcm olmak \u00fczere 42 bin d\u00f6n\u00fcm olarak tahmin edilen ekilebilir alanlar\u0131n bulundu\u011fu il\u00e7eye ba\u011fl\u0131 25 k\u00f6ydeki tar\u0131m arazilerini kapsad\u0131\u011f\u0131n\u0131 ve kampanyan\u0131n k\u0131sa s\u00fcrede tamamlanaca\u011f\u0131n\u0131 kaydetti.<\/p>\n<p style=\"text-align: justify;\">Lazkiye Valisi M\u00fchendis Amir \u0130smail Hilal \u00e7al\u0131\u015fmalar\u0131n ger\u00e7e\u011fini gezdi\u011fi bir tur s\u0131ras\u0131nda, valili\u011fin t\u00fcm gereklilikleri sa\u011flamaya devam etti\u011fini ve kampanyan\u0131n tamamlanmas\u0131n\u0131 ve \u00e7ift\u00e7ilerin tekrar \u00e7al\u0131\u015fmas\u0131na yard\u0131mc\u0131 olan beraberindeki temel gereksinimlerin takibini do\u011frulad\u0131.<\/p>\n<p><a class=\"oajrlxb2 g5ia77u1 qu0x051f esr5mh6w e9989ue4 r7d6kgcz rq0escxv nhd2j8a9 nc684nl6 p7hjln8o kvgmc6g5 cxmmr5t8 oygrvhab hcukyx3x jb3vyjys rz4wbd8a qt6c0cv9 a8nywdso i1ao9s8h esuyzwwr f1sip0of lzcic4wl gpro0wi8 q66pz984 b1v8xokw\" tabindex=\"0\" role=\"link\" href=\"https:\/\/www.facebook.com\/hashtag\/telegram_kanal%C4%B1m%C4%B1z?__eep__=6&amp;__cft__[0]=AZXYlRPdbXRJaUkHlILy_UuTrdxjMN6N6YVUXckOb0N5tKro_tXrTJjgJTXu0VulHGUbsKsk9712QzPSML1G1aN3dbYjguJv6luhxdjTo0QPJFttaZZjM46Zv-gt8LxRTiDu6HCPNG1GmIcJs9IU4XiR4CB8YSFxiu7oR6y6fT3yI1-vB-E1nuvfHtvSjRowfRk&amp;__tn__=*NK-R\">#Telegram_Kanal\u0131m\u0131z<\/a>: <a class=\"oajrlxb2 g5ia77u1 qu0x051f esr5mh6w e9989ue4 r7d6kgcz rq0escxv nhd2j8a9 nc684nl6 p7hjln8o kvgmc6g5 cxmmr5t8 oygrvhab hcukyx3x jb3vyjys rz4wbd8a qt6c0cv9 a8nywdso i1ao9s8h esuyzwwr f1sip0of lzcic4wl gpro0wi8 py34i1dx\" tabindex=\"0\" role=\"link\" href=\"https:\/\/t.me\/SuriyeArapHaberAjans?fbclid=IwAR3QnStGiIb7gtXVZQE98PL4nCqDAwd4ITH0Bm2IyTOVuJWKnnsdxIRfptw\" target=\"_blank\" rel=\"nofollow noopener\">https:\/\/t.me\/SuriyeArapHaberAjans<\/a><\/p>\n","protected":false},"excerpt":{"rendered":"<p>LAZK\u0130YE &#8211; Suriye \u00d6zel Kalk\u0131nma Vakf\u0131&#8217;n\u0131n yang\u0131nlardan etkilenen tar\u0131m arazilerini s\u00fcrmeye devam etmesiyle birlikte, Lazkiye k\u0131rsal\u0131ndaki Al Fahura&#8217;daki tar\u0131m arazilerinin durumu \u015fimdi bir ay \u00f6ncesinden farkl\u0131. Yang\u0131ndan etkilenen 24.000 d\u00f6n\u00fcm arazinin s\u00fcr\u00fcld\u00fc\u011f\u00fc ve d\u00f6rd\u00fcnc\u00fc haftas\u0131na giren kampanya, ayn\u0131 zamanda arazilerine yat\u0131r\u0131m yapan ve ayn\u0131 zamanda kendilerine yetmeye yard\u0131mc\u0131 olan mevsimlik sebzeleri ekerek arazilerine yat\u0131r\u0131m yapan &hellip;<\/p>\n","protected":false},"author":1,"featured_media":255403,"comment_status":"closed","ping_status":"closed","sticky":false,"template":"","format":"standard","meta":{"footnotes":""},"categories":[485,486,17988],"tags":[],"class_list":["post-255402","post","type-post","status-publish","format-standard","has-post-thumbnail","","category-is-ve-sermaye","category-haberler-is-ve-sermaye","category-son-haberler"],"_links":{"self":[{"href":"https:\/\/archive.sana.sy\/tr\/index.php?rest_route=\/wp\/v2\/posts\/255402","targetHints":{"allow":["GET"]}}],"collection":[{"href":"https:\/\/archive.sana.sy\/tr\/index.php?rest_route=\/wp\/v2\/posts"}],"about":[{"href":"https:\/\/archive.sana.sy\/tr\/index.php?rest_route=\/wp\/v2\/types\/post"}],"author":[{"embeddable":true,"href":"https:\/\/archive.sana.sy\/tr\/index.php?rest_route=\/wp\/v2\/users\/1"}],"replies":[{"embeddable":true,"href":"https:\/\/archive.sana.sy\/tr\/index.php?rest_route=%2Fwp%2Fv2%2Fcomments&post=255402"}],"version-history":[{"count":0,"href":"https:\/\/archive.sana.sy\/tr\/index.php?rest_route=\/wp\/v2\/posts\/255402\/revisions"}],"wp:featuredmedia":[{"embeddable":true,"href":"https:\/\/archive.sana.sy\/tr\/index.php?rest_route=\/wp\/v2\/media\/255403"}],"wp:attachment":[{"href":"https:\/\/archive.sana.sy\/tr\/index.php?rest_route=%2Fwp%2Fv2%2Fmedia&parent=255402"}],"wp:term":[{"taxonomy":"category","embeddable":true,"href":"https:\/\/archive.sana.sy\/tr\/index.php?rest_route=%2Fwp%2Fv2%2Fcategories&post=255402"},{"taxonomy":"post_tag","embeddable":true,"href":"https:\/\/archive.sana.sy\/tr\/index.php?rest_route=%2Fwp%2Fv2%2Ftags&post=255402"}],"curies":[{"name":"wp","href":"https:\/\/api.w.org\/{rel}","templated":true}]}}