{"id":255423,"date":"2022-05-22T07:37:10","date_gmt":"2022-05-22T04:37:10","guid":{"rendered":"http:\/\/107.6.182.27\/tr\/?p=255423"},"modified":"2022-05-23T08:25:33","modified_gmt":"2022-05-23T05:25:33","slug":"isbirligini-ve-ikili-iliskileri-gelistirmek-icin-suriye-bulgar-gorusmeleri","status":"publish","type":"post","link":"https:\/\/archive.sana.sy\/tr\/?p=255423","title":{"rendered":"\u0130\u015fbirli\u011fini Ve \u0130kili \u0130li\u015fkileri Geli\u015ftirmek \u0130\u00e7in Suriye-Bulgar G\u00f6r\u00fc\u015fmeleri"},"content":{"rendered":"<p>SOFYA \u2013 Suriye&#8217;nin Bulgaristan B\u00fcy\u00fckel\u00e7ili\u011fi Maslahatg\u00fczar\u0131 Muhammed Muhammed, Bulgaristan Parlamentosu&#8217;nda Bulgaristan-Suriye Parlamentolar\u0131 Dostluk Grubu temsilcileriyle iki \u00fclke aras\u0131ndaki \u00e7e\u015fitli alanlarda ikili ili\u015fkileri geli\u015ftirmenin yollar\u0131n\u0131 tart\u0131\u015ft\u0131.<\/p>\n<p><img loading=\"lazy\" decoding=\"async\" class=\"size-medium wp-image-255425 alignright\" src=\"http:\/\/107.6.182.27\/tr\/wp-content\/uploads\/2022\/05\/1-23-300x162.jpg\" alt=\"\" width=\"300\" height=\"162\" srcset=\"https:\/\/archive.sana.sy\/tr\/wp-content\/uploads\/2022\/05\/1-23-300x162.jpg 300w, https:\/\/archive.sana.sy\/tr\/wp-content\/uploads\/2022\/05\/1-23-150x81.jpg 150w, https:\/\/archive.sana.sy\/tr\/wp-content\/uploads\/2022\/05\/1-23.jpg 660w\" sizes=\"auto, (max-width: 300px) 100vw, 300px\" \/>Dostluk Grubu Ba\u015fkan\u0131 Victoria Vasileva, iki dost \u00fclke aras\u0131ndaki tarihi ili\u015fkilerin derinli\u011fini ve yeni Bulgar parlamentosunun ikili ili\u015fkilerin canland\u0131r\u0131lmas\u0131nda ve \u00f6zellikle ekonomi, ticaret ve yat\u0131r\u0131m alanlar\u0131nda ilerlemesinde aktif rol oynama kararl\u0131l\u0131\u011f\u0131n\u0131n alt\u0131n\u0131 \u00e7izdi.<\/p>\n<p>Vasileva, Suriye&#8217;deki krize herhangi bir \u00e7\u00f6z\u00fcm\u00fcn Suriye&#8217;nin egemenli\u011fini, ba\u011f\u0131ms\u0131zl\u0131\u011f\u0131n\u0131 ve toprak b\u00fct\u00fcnl\u00fc\u011f\u00fcn\u00fc garanti alt\u0131na almas\u0131 gerekti\u011fini belirtirken, Suriye\u2019ye bar\u0131\u015f ve g\u00fcvenli\u011fin geri d\u00f6nmesi dileklerini ifade etti.<\/p>\n<p>Buna kar\u015f\u0131l\u0131k Muhammed, Suriye halk\u0131na dayat\u0131lan tek tarafl\u0131 zorlay\u0131c\u0131 ekonomik yapt\u0131r\u0131mlar\u0131n \u00a0olumsuz etkilerine de\u011finerek, onlar\u0131 kald\u0131rmak i\u00e7in harekete ge\u00e7me \u00e7a\u011fr\u0131s\u0131nda bulundu.<\/p>\n<p><span style=\"color: #0000ff;\">#Telegram_Kanal\u0131m\u0131z: https:\/\/t.me\/SuriyeArapHaberAjans<\/span><\/p>\n<p>&nbsp;<\/p>\n","protected":false},"excerpt":{"rendered":"<p>SOFYA \u2013 Suriye&#8217;nin Bulgaristan B\u00fcy\u00fckel\u00e7ili\u011fi Maslahatg\u00fczar\u0131 Muhammed Muhammed, Bulgaristan Parlamentosu&#8217;nda Bulgaristan-Suriye Parlamentolar\u0131 Dostluk Grubu temsilcileriyle iki \u00fclke aras\u0131ndaki \u00e7e\u015fitli alanlarda ikili ili\u015fkileri geli\u015ftirmenin yollar\u0131n\u0131 tart\u0131\u015ft\u0131. Dostluk Grubu Ba\u015fkan\u0131 Victoria Vasileva, iki dost \u00fclke aras\u0131ndaki tarihi ili\u015fkilerin derinli\u011fini ve yeni Bulgar parlamentosunun ikili ili\u015fkilerin canland\u0131r\u0131lmas\u0131nda ve \u00f6zellikle ekonomi, ticaret ve yat\u0131r\u0131m alanlar\u0131nda ilerlemesinde aktif rol oynama &hellip;<\/p>\n","protected":false},"author":36,"featured_media":255424,"comment_status":"closed","ping_status":"closed","sticky":false,"template":"","format":"standard","meta":{"footnotes":""},"categories":[458,459,17988],"tags":[],"class_list":["post-255423","post","type-post","status-publish","format-standard","has-post-thumbnail","","category-dunya1","category-haberler-arap-uluslararasi-politika","category-son-haberler"],"_links":{"self":[{"href":"https:\/\/archive.sana.sy\/tr\/index.php?rest_route=\/wp\/v2\/posts\/255423","targetHints":{"allow":["GET"]}}],"collection":[{"href":"https:\/\/archive.sana.sy\/tr\/index.php?rest_route=\/wp\/v2\/posts"}],"about":[{"href":"https:\/\/archive.sana.sy\/tr\/index.php?rest_route=\/wp\/v2\/types\/post"}],"author":[{"embeddable":true,"href":"https:\/\/archive.sana.sy\/tr\/index.php?rest_route=\/wp\/v2\/users\/36"}],"replies":[{"embeddable":true,"href":"https:\/\/archive.sana.sy\/tr\/index.php?rest_route=%2Fwp%2Fv2%2Fcomments&post=255423"}],"version-history":[{"count":0,"href":"https:\/\/archive.sana.sy\/tr\/index.php?rest_route=\/wp\/v2\/posts\/255423\/revisions"}],"wp:featuredmedia":[{"embeddable":true,"href":"https:\/\/archive.sana.sy\/tr\/index.php?rest_route=\/wp\/v2\/media\/255424"}],"wp:attachment":[{"href":"https:\/\/archive.sana.sy\/tr\/index.php?rest_route=%2Fwp%2Fv2%2Fmedia&parent=255423"}],"wp:term":[{"taxonomy":"category","embeddable":true,"href":"https:\/\/archive.sana.sy\/tr\/index.php?rest_route=%2Fwp%2Fv2%2Fcategories&post=255423"},{"taxonomy":"post_tag","embeddable":true,"href":"https:\/\/archive.sana.sy\/tr\/index.php?rest_route=%2Fwp%2Fv2%2Ftags&post=255423"}],"curies":[{"name":"wp","href":"https:\/\/api.w.org\/{rel}","templated":true}]}}