{"id":255432,"date":"2022-05-22T07:21:41","date_gmt":"2022-05-22T04:21:41","guid":{"rendered":"http:\/\/107.6.182.27\/tr\/?p=255432"},"modified":"2022-05-23T08:25:21","modified_gmt":"2022-05-23T05:25:21","slug":"255432","status":"publish","type":"post","link":"https:\/\/archive.sana.sy\/tr\/?p=255432","title":{"rendered":"Ceble, AFC Kupas\u0131&#8217;nda L\u00fcbnanl\u0131 El Ansar&#8217;\u0131 Ma\u011flup Etti"},"content":{"rendered":"<p>MUSKAT \u2013 MANAMA &#8211; Ceble tak\u0131m\u0131, Te\u015frin tak\u0131m\u0131n\u0131n Bahreyn&#8217;in El Rifa tak\u0131m\u0131na kar\u015f\u0131 kaybetmesine de tan\u0131k olan Asya Federasyonu Kupas\u0131&#8217;nda grup a\u015famas\u0131n\u0131n ikinci ma\u00e7\u0131nda L\u00fcbnanl\u0131 El Ansar&#8217;\u0131 ma\u011flup etti.<\/p>\n<p>Umman&#8217;\u0131n ba\u015fkenti Muskat&#8217;taki Al Seeb Stad\u0131&#8217;nda d\u00fcn oynanan ve Kuveyt&#8217;in Kuveyt tak\u0131m\u0131n\u0131n da yer ald\u0131\u011f\u0131 birinci grup ma\u00e7\u0131nda Ceble, L\u00fcbnanl\u0131 El Ansar&#8217;\u0131 uzatma dakikalar\u0131nda H\u00fcseyin Cuveyd&#8217;in att\u0131\u011f\u0131 golle 1-0 ma\u011flup etti.<\/p>\n<p>\u00d6te yandan Bahreyn&#8217;in ba\u015fkenti Manama&#8217;daki Muharrak Stad\u0131&#8217;nda oynanan ma\u00e7ta Te\u015frin, L\u00fcbnanl\u0131 El Necme tak\u0131m\u0131n\u0131n da i\u00e7inde bulundu\u011fu \u00fc\u00e7\u00fcnc\u00fc grupta Do\u011fu Rifa&#8217;ya 2-0 ma\u011flup oldu.<img loading=\"lazy\" decoding=\"async\" class=\"size-full wp-image-255436 alignright\" src=\"http:\/\/107.6.182.27\/tr\/wp-content\/uploads\/2022\/05\/90001-300x169-1.jpg\" alt=\"\" width=\"300\" height=\"169\" srcset=\"https:\/\/archive.sana.sy\/tr\/wp-content\/uploads\/2022\/05\/90001-300x169-1.jpg 300w, https:\/\/archive.sana.sy\/tr\/wp-content\/uploads\/2022\/05\/90001-300x169-1-150x85.jpg 150w\" sizes=\"auto, (max-width: 300px) 100vw, 300px\" \/><\/p>\n<p>Te\u015frin ve Ceble tak\u0131mlar\u0131, a\u00e7\u0131l\u0131\u015f ma\u00e7lar\u0131nda ge\u00e7en \u00c7ar\u015famba g\u00fcn\u00fc oynad\u0131klar\u0131 ma\u00e7ta Ceble Filistinli El Hilal ile berabere kalm\u0131\u015f Te\u015frin ise Ummanl\u0131 Al Seeb&#8217;e 1-0 ma\u011flup olmu\u015ftu.<\/p>\n<p>Te\u015frin ilk tur ma\u00e7lar\u0131n\u0131 L\u00fcbnanl\u0131 El Necme ile Sal\u0131 g\u00fcn\u00fc Ceble de grup son ma\u00e7\u0131n\u0131 K\u00fcveytli K\u00fcvet tak\u0131m\u0131 ile kar\u015f\u0131 kar\u015f\u0131ya gelecek.<\/p>\n<p>Grup eleme ma\u00e7lar\u0131nda birinciler bir \u00fcst tura y\u00fckselirken en iyi puana sahip ikinci tak\u0131m da yar\u0131 finale y\u00fckselecek.<\/p>\n<p><a class=\"oajrlxb2 g5ia77u1 qu0x051f esr5mh6w e9989ue4 r7d6kgcz rq0escxv nhd2j8a9 nc684nl6 p7hjln8o kvgmc6g5 cxmmr5t8 oygrvhab hcukyx3x jb3vyjys rz4wbd8a qt6c0cv9 a8nywdso i1ao9s8h esuyzwwr f1sip0of lzcic4wl gpro0wi8 q66pz984 b1v8xokw\" tabindex=\"0\" role=\"link\" href=\"https:\/\/www.facebook.com\/hashtag\/telegram_kanal%C4%B1m%C4%B1z?__eep__=6&amp;__cft__[0]=AZVDl2RZL8akH61nFUsQcwSEtqW9-WbwXKivGNC4YWFEXstOpoYYB42zjCn6alQPFyto_dZNEw0FHiySvYofWpcVymsKEKjA87lVrq-JZxsWSK1WjM5GZ8LZn6rZyCUgnLHsazMqyzDWU7RFYlJQSGaG&amp;__tn__=*NK-R\">#Telegram_Kanal\u0131m\u0131z<\/a>: <a class=\"oajrlxb2 g5ia77u1 qu0x051f esr5mh6w e9989ue4 r7d6kgcz rq0escxv nhd2j8a9 nc684nl6 p7hjln8o kvgmc6g5 cxmmr5t8 oygrvhab hcukyx3x jb3vyjys rz4wbd8a qt6c0cv9 a8nywdso i1ao9s8h esuyzwwr f1sip0of lzcic4wl gpro0wi8 py34i1dx\" tabindex=\"0\" role=\"link\" href=\"https:\/\/t.me\/SuriyeArapHaberAjans?fbclid=IwAR29K5OabpMS8pJOmVgqBBh7Sl_BEv0ZSw1QFGal0oRVl2fGVWRF9Ui2Fc8\" target=\"_blank\" rel=\"nofollow noopener\">https:\/\/t.me\/SuriyeArapHaberAjans<\/a><\/p>\n","protected":false},"excerpt":{"rendered":"<p>MUSKAT \u2013 MANAMA &#8211; Ceble tak\u0131m\u0131, Te\u015frin tak\u0131m\u0131n\u0131n Bahreyn&#8217;in El Rifa tak\u0131m\u0131na kar\u015f\u0131 kaybetmesine de tan\u0131k olan Asya Federasyonu Kupas\u0131&#8217;nda grup a\u015famas\u0131n\u0131n ikinci ma\u00e7\u0131nda L\u00fcbnanl\u0131 El Ansar&#8217;\u0131 ma\u011flup etti. Umman&#8217;\u0131n ba\u015fkenti Muskat&#8217;taki Al Seeb Stad\u0131&#8217;nda d\u00fcn oynanan ve Kuveyt&#8217;in Kuveyt tak\u0131m\u0131n\u0131n da yer ald\u0131\u011f\u0131 birinci grup ma\u00e7\u0131nda Ceble, L\u00fcbnanl\u0131 El Ansar&#8217;\u0131 uzatma dakikalar\u0131nda H\u00fcseyin Cuveyd&#8217;in &hellip;<\/p>\n","protected":false},"author":39,"featured_media":255434,"comment_status":"closed","ping_status":"closed","sticky":false,"template":"","format":"standard","meta":{"footnotes":""},"categories":[498,17988,496],"tags":[],"class_list":["post-255432","post","type-post","status-publish","format-standard","has-post-thumbnail","","category-dunya-turnuvalari","category-son-haberler","category-spor"],"_links":{"self":[{"href":"https:\/\/archive.sana.sy\/tr\/index.php?rest_route=\/wp\/v2\/posts\/255432","targetHints":{"allow":["GET"]}}],"collection":[{"href":"https:\/\/archive.sana.sy\/tr\/index.php?rest_route=\/wp\/v2\/posts"}],"about":[{"href":"https:\/\/archive.sana.sy\/tr\/index.php?rest_route=\/wp\/v2\/types\/post"}],"author":[{"embeddable":true,"href":"https:\/\/archive.sana.sy\/tr\/index.php?rest_route=\/wp\/v2\/users\/39"}],"replies":[{"embeddable":true,"href":"https:\/\/archive.sana.sy\/tr\/index.php?rest_route=%2Fwp%2Fv2%2Fcomments&post=255432"}],"version-history":[{"count":0,"href":"https:\/\/archive.sana.sy\/tr\/index.php?rest_route=\/wp\/v2\/posts\/255432\/revisions"}],"wp:featuredmedia":[{"embeddable":true,"href":"https:\/\/archive.sana.sy\/tr\/index.php?rest_route=\/wp\/v2\/media\/255434"}],"wp:attachment":[{"href":"https:\/\/archive.sana.sy\/tr\/index.php?rest_route=%2Fwp%2Fv2%2Fmedia&parent=255432"}],"wp:term":[{"taxonomy":"category","embeddable":true,"href":"https:\/\/archive.sana.sy\/tr\/index.php?rest_route=%2Fwp%2Fv2%2Fcategories&post=255432"},{"taxonomy":"post_tag","embeddable":true,"href":"https:\/\/archive.sana.sy\/tr\/index.php?rest_route=%2Fwp%2Fv2%2Ftags&post=255432"}],"curies":[{"name":"wp","href":"https:\/\/api.w.org\/{rel}","templated":true}]}}