{"id":255460,"date":"2022-05-22T17:02:31","date_gmt":"2022-05-22T14:02:31","guid":{"rendered":"http:\/\/107.6.182.27\/tr\/?p=255460"},"modified":"2022-05-23T08:27:39","modified_gmt":"2022-05-23T05:27:39","slug":"cerih-el-vatan-projesi-kapsaminda-sinavlara-hazirlanirken-yaralilar-icin-interaktif-egitim-atolyeleri","status":"publish","type":"post","link":"https:\/\/archive.sana.sy\/tr\/?p=255460","title":{"rendered":"Cerih el Vatan Projesi Kapsam\u0131nda.. S\u0131navlara Haz\u0131rlan\u0131rken Yaral\u0131lar \u0130\u00e7in \u0130nteraktif E\u011fitim At\u00f6lyeleri"},"content":{"rendered":"<p style=\"text-align: justify;\">\u015eAM \u2013 Cerih el Vatan Projesi kapsam\u0131nda, muayene s\u00fcreci ba\u015flamadan \u00f6nce \u00e7e\u015fitli valiliklerde yaral\u0131lar i\u00e7in e\u011fitim alan\u0131nda interaktif \u00e7al\u0131\u015ftaylar d\u00fczenlendi.<\/p>\n<p style=\"text-align: justify;\">Cerih el Vatan Projesi, Facebook sayfas\u0131nda yay\u0131nlanan bir videoda, \u00e7al\u0131\u015ftaylar\u0131n fark\u0131ndal\u0131k art\u0131r\u0131c\u0131 bilgiler i\u00e7erdi\u011fini, t\u00fcm sakatl\u0131k oranlar\u0131n\u0131n yaral\u0131lara muayene kontrolleri ve standartlarla tan\u0131t\u0131ld\u0131\u011f\u0131n\u0131 ve s\u0131navlar\u0131n ba\u015flang\u0131c\u0131ndan \u00f6nce kar\u015f\u0131la\u015fabilecekleri e\u011fitim zorluklar\u0131 hakk\u0131nda bilgilendirilmesini duyurdu.<\/p>\n<p style=\"text-align: justify;\">Proje, yaral\u0131lar, proje koordinat\u00f6rleri ve valiliklerdeki e\u011fitim m\u00fcd\u00fcrl\u00fcklerinden temsilciler aras\u0131nda ger\u00e7ekle\u015fen diyalogun etkili ve zengin oldu\u011funa dikkat \u00e7ekti.<\/p>\n<p style=\"text-align: justify;\">P.M.<\/p>\n<p>&nbsp;<\/p>\n","protected":false},"excerpt":{"rendered":"<p>\u015eAM \u2013 Cerih el Vatan Projesi kapsam\u0131nda, muayene s\u00fcreci ba\u015flamadan \u00f6nce \u00e7e\u015fitli valiliklerde yaral\u0131lar i\u00e7in e\u011fitim alan\u0131nda interaktif \u00e7al\u0131\u015ftaylar d\u00fczenlendi. Cerih el Vatan Projesi, Facebook sayfas\u0131nda yay\u0131nlanan bir videoda, \u00e7al\u0131\u015ftaylar\u0131n fark\u0131ndal\u0131k art\u0131r\u0131c\u0131 bilgiler i\u00e7erdi\u011fini, t\u00fcm sakatl\u0131k oranlar\u0131n\u0131n yaral\u0131lara muayene kontrolleri ve standartlarla tan\u0131t\u0131ld\u0131\u011f\u0131n\u0131 ve s\u0131navlar\u0131n ba\u015flang\u0131c\u0131ndan \u00f6nce kar\u015f\u0131la\u015fabilecekleri e\u011fitim zorluklar\u0131 hakk\u0131nda bilgilendirilmesini duyurdu. Proje, yaral\u0131lar, &hellip;<\/p>\n","protected":false},"author":1,"featured_media":255461,"comment_status":"closed","ping_status":"closed","sticky":false,"template":"","format":"standard","meta":{"footnotes":""},"categories":[479,17988,478],"tags":[],"class_list":["post-255460","post","type-post","status-publish","format-standard","has-post-thumbnail","","category-haberler-yerel","category-son-haberler","category-yerel"],"_links":{"self":[{"href":"https:\/\/archive.sana.sy\/tr\/index.php?rest_route=\/wp\/v2\/posts\/255460","targetHints":{"allow":["GET"]}}],"collection":[{"href":"https:\/\/archive.sana.sy\/tr\/index.php?rest_route=\/wp\/v2\/posts"}],"about":[{"href":"https:\/\/archive.sana.sy\/tr\/index.php?rest_route=\/wp\/v2\/types\/post"}],"author":[{"embeddable":true,"href":"https:\/\/archive.sana.sy\/tr\/index.php?rest_route=\/wp\/v2\/users\/1"}],"replies":[{"embeddable":true,"href":"https:\/\/archive.sana.sy\/tr\/index.php?rest_route=%2Fwp%2Fv2%2Fcomments&post=255460"}],"version-history":[{"count":0,"href":"https:\/\/archive.sana.sy\/tr\/index.php?rest_route=\/wp\/v2\/posts\/255460\/revisions"}],"wp:featuredmedia":[{"embeddable":true,"href":"https:\/\/archive.sana.sy\/tr\/index.php?rest_route=\/wp\/v2\/media\/255461"}],"wp:attachment":[{"href":"https:\/\/archive.sana.sy\/tr\/index.php?rest_route=%2Fwp%2Fv2%2Fmedia&parent=255460"}],"wp:term":[{"taxonomy":"category","embeddable":true,"href":"https:\/\/archive.sana.sy\/tr\/index.php?rest_route=%2Fwp%2Fv2%2Fcategories&post=255460"},{"taxonomy":"post_tag","embeddable":true,"href":"https:\/\/archive.sana.sy\/tr\/index.php?rest_route=%2Fwp%2Fv2%2Ftags&post=255460"}],"curies":[{"name":"wp","href":"https:\/\/api.w.org\/{rel}","templated":true}]}}