{"id":255463,"date":"2022-05-22T17:06:05","date_gmt":"2022-05-22T14:06:05","guid":{"rendered":"http:\/\/107.6.182.27\/tr\/?p=255463"},"modified":"2022-05-23T16:36:03","modified_gmt":"2022-05-23T13:36:03","slug":"saglik-bakanligi-korona-virusune-karsi-tum-illerde-ulusal-asi-kampanyasi-baslatti","status":"publish","type":"post","link":"https:\/\/archive.sana.sy\/tr\/?p=255463","title":{"rendered":"Sa\u011fl\u0131k Bakanl\u0131\u011f\u0131, Korona Vir\u00fcs\u00fcne Kar\u015f\u0131 T\u00fcm \u0130llerde Ulusal A\u015f\u0131 Kampanyas\u0131 Ba\u015flatt\u0131"},"content":{"rendered":"<p style=\"text-align: justify;\">\u0130LLER \u2013 Sa\u011fl\u0131k Bakanl\u0131\u011f\u0131, t\u00fcm illerdee \u201cKorumak i\u00e7in yeni bir f\u0131rsat\u201d slogan\u0131yla korona vir\u00fcs\u00fcne kar\u015f\u0131 a\u015f\u0131 i\u00e7in \u00f6n\u00fcm\u00fczdeki 2 Haziran&#8217;a kadar devam edecek ulusal kampanyas\u0131 ba\u015flatt\u0131.<\/p>\n<p style=\"text-align: justify;\">Sa\u011fl\u0131k Bakanl\u0131\u011f\u0131 Temel Sa\u011fl\u0131k Hizmetleri M\u00fcd\u00fcr\u00fc Dr.Razan el Tarabi\u015fi&#8217;ye g\u00f6re, kampanya 18 ya\u015f \u00fcst\u00fc t\u00fcm vatanda\u015flar\u0131 hedefleyerek, kampanyaya 37 hastane, 986 sa\u011fl\u0131k merkezi ve 386 mobil ekipte da\u011f\u0131t\u0131lan yakla\u015f\u0131k 7.400 sa\u011fl\u0131k \u00e7al\u0131\u015fan\u0131 kat\u0131l\u0131yor.<\/p>\n<p style=\"text-align: justify;\">El Tarabi\u015fi, vir\u00fcs\u00fcn yay\u0131lmas\u0131n\u0131 s\u0131n\u0131rlamak i\u00e7in a\u015f\u0131 kampanyalar\u0131n\u0131n ba\u015flat\u0131lmas\u0131n\u0131n \u00f6nemini vurgulayarak, a\u015f\u0131y\u0131 almak i\u00e7in en uygun zaman\u0131n epidemiyolojik durumun stabilizasyon d\u00f6nemi oldu\u011funa dikkat \u00e7ekti.<\/p>\n<p style=\"text-align: justify;\">P.M.<\/p>\n<div id='gallery-1' class='gallery galleryid-255463 gallery-columns-1 gallery-size-full'><figure class='gallery-item'>\n\t\t\t<div class='gallery-icon landscape'>\n\t\t\t\t<a href='https:\/\/archive.sana.sy\/tr\/wp-content\/uploads\/2022\/05\/10-6.jpg'><img loading=\"lazy\" decoding=\"async\" width=\"660\" height=\"351\" src=\"https:\/\/archive.sana.sy\/tr\/wp-content\/uploads\/2022\/05\/10-6.jpg\" class=\"attachment-full size-full\" alt=\"\" srcset=\"https:\/\/archive.sana.sy\/tr\/wp-content\/uploads\/2022\/05\/10-6.jpg 660w, https:\/\/archive.sana.sy\/tr\/wp-content\/uploads\/2022\/05\/10-6-300x160.jpg 300w, https:\/\/archive.sana.sy\/tr\/wp-content\/uploads\/2022\/05\/10-6-150x80.jpg 150w, https:\/\/archive.sana.sy\/tr\/wp-content\/uploads\/2022\/05\/10-6-310x165.jpg 310w\" sizes=\"auto, (max-width: 660px) 100vw, 660px\" \/><\/a>\n\t\t\t<\/div><\/figure><figure class='gallery-item'>\n\t\t\t<div class='gallery-icon landscape'>\n\t\t\t\t<a href='https:\/\/archive.sana.sy\/tr\/wp-content\/uploads\/2022\/05\/11-2.jpg'><img loading=\"lazy\" decoding=\"async\" width=\"660\" height=\"415\" src=\"https:\/\/archive.sana.sy\/tr\/wp-content\/uploads\/2022\/05\/11-2.jpg\" class=\"attachment-full size-full\" alt=\"\" srcset=\"https:\/\/archive.sana.sy\/tr\/wp-content\/uploads\/2022\/05\/11-2.jpg 660w, https:\/\/archive.sana.sy\/tr\/wp-content\/uploads\/2022\/05\/11-2-300x189.jpg 300w, https:\/\/archive.sana.sy\/tr\/wp-content\/uploads\/2022\/05\/11-2-150x94.jpg 150w\" sizes=\"auto, (max-width: 660px) 100vw, 660px\" \/><\/a>\n\t\t\t<\/div><\/figure><figure class='gallery-item'>\n\t\t\t<div class='gallery-icon landscape'>\n\t\t\t\t<a href='https:\/\/archive.sana.sy\/tr\/wp-content\/uploads\/2022\/05\/12.jpg'><img loading=\"lazy\" decoding=\"async\" width=\"660\" height=\"443\" src=\"https:\/\/archive.sana.sy\/tr\/wp-content\/uploads\/2022\/05\/12.jpg\" class=\"attachment-full size-full\" alt=\"\" srcset=\"https:\/\/archive.sana.sy\/tr\/wp-content\/uploads\/2022\/05\/12.jpg 660w, https:\/\/archive.sana.sy\/tr\/wp-content\/uploads\/2022\/05\/12-300x201.jpg 300w, https:\/\/archive.sana.sy\/tr\/wp-content\/uploads\/2022\/05\/12-150x101.jpg 150w, https:\/\/archive.sana.sy\/tr\/wp-content\/uploads\/2022\/05\/12-110x75.jpg 110w\" sizes=\"auto, (max-width: 660px) 100vw, 660px\" \/><\/a>\n\t\t\t<\/div><\/figure>\n\t\t<\/div>\n\n","protected":false},"excerpt":{"rendered":"<p>\u0130LLER \u2013 Sa\u011fl\u0131k Bakanl\u0131\u011f\u0131, t\u00fcm illerdee \u201cKorumak i\u00e7in yeni bir f\u0131rsat\u201d slogan\u0131yla korona vir\u00fcs\u00fcne kar\u015f\u0131 a\u015f\u0131 i\u00e7in \u00f6n\u00fcm\u00fczdeki 2 Haziran&#8217;a kadar devam edecek ulusal kampanyas\u0131 ba\u015flatt\u0131. Sa\u011fl\u0131k Bakanl\u0131\u011f\u0131 Temel Sa\u011fl\u0131k Hizmetleri M\u00fcd\u00fcr\u00fc Dr.Razan el Tarabi\u015fi&#8217;ye g\u00f6re, kampanya 18 ya\u015f \u00fcst\u00fc t\u00fcm vatanda\u015flar\u0131 hedefleyerek, kampanyaya 37 hastane, 986 sa\u011fl\u0131k merkezi ve 386 mobil ekipte da\u011f\u0131t\u0131lan yakla\u015f\u0131k &hellip;<\/p>\n","protected":false},"author":1,"featured_media":255464,"comment_status":"closed","ping_status":"closed","sticky":false,"template":"","format":"standard","meta":{"footnotes":""},"categories":[596,526,479,525,478],"tags":[],"class_list":["post-255463","post","type-post","status-publish","format-standard","has-post-thumbnail","","category-fotografli-raporlar","category-haber-ve-raporlar","category-haberler-yerel","category-toplum","category-yerel"],"_links":{"self":[{"href":"https:\/\/archive.sana.sy\/tr\/index.php?rest_route=\/wp\/v2\/posts\/255463","targetHints":{"allow":["GET"]}}],"collection":[{"href":"https:\/\/archive.sana.sy\/tr\/index.php?rest_route=\/wp\/v2\/posts"}],"about":[{"href":"https:\/\/archive.sana.sy\/tr\/index.php?rest_route=\/wp\/v2\/types\/post"}],"author":[{"embeddable":true,"href":"https:\/\/archive.sana.sy\/tr\/index.php?rest_route=\/wp\/v2\/users\/1"}],"replies":[{"embeddable":true,"href":"https:\/\/archive.sana.sy\/tr\/index.php?rest_route=%2Fwp%2Fv2%2Fcomments&post=255463"}],"version-history":[{"count":0,"href":"https:\/\/archive.sana.sy\/tr\/index.php?rest_route=\/wp\/v2\/posts\/255463\/revisions"}],"wp:featuredmedia":[{"embeddable":true,"href":"https:\/\/archive.sana.sy\/tr\/index.php?rest_route=\/wp\/v2\/media\/255464"}],"wp:attachment":[{"href":"https:\/\/archive.sana.sy\/tr\/index.php?rest_route=%2Fwp%2Fv2%2Fmedia&parent=255463"}],"wp:term":[{"taxonomy":"category","embeddable":true,"href":"https:\/\/archive.sana.sy\/tr\/index.php?rest_route=%2Fwp%2Fv2%2Fcategories&post=255463"},{"taxonomy":"post_tag","embeddable":true,"href":"https:\/\/archive.sana.sy\/tr\/index.php?rest_route=%2Fwp%2Fv2%2Ftags&post=255463"}],"curies":[{"name":"wp","href":"https:\/\/api.w.org\/{rel}","templated":true}]}}