{"id":255510,"date":"2022-05-23T09:27:51","date_gmt":"2022-05-23T06:27:51","guid":{"rendered":"http:\/\/107.6.182.27\/tr\/?p=255510"},"modified":"2022-05-24T08:32:29","modified_gmt":"2022-05-24T05:32:29","slug":"israil-isgal-gucleri-bati-yakada-8-filistinliyi-tutukladi-5","status":"publish","type":"post","link":"https:\/\/archive.sana.sy\/tr\/?p=255510","title":{"rendered":"Bat\u0131 Yaka B\u00f6lgelerinde \u0130\u015fgal Bask\u0131nlar\u0131nda 1 Filistinli Yaraland\u0131 11&#8217;i Tutukland\u0131"},"content":{"rendered":"<p>\u0130\u015eGAL ED\u0130LEN KUD\u00dcS \u2013 Bat\u0131 Yaka&#8217;n\u0131n muhtelif b\u00f6lgelerinde bu sabah i\u015fgalci \u0130srail kuvvetlerinin bask\u0131nlar\u0131 sonucunda 1 Filistinli yaraland\u0131 11 ki\u015fi de tutukland\u0131.<\/p>\n<p>Filistinli MAAN, i\u015fgal kuvvetlerinin Cenin&#8217;deki el Rummana ve El Zebabda k\u00f6ylerini yo\u011fun ate\u015f ortam\u0131nda basmas\u0131 sonucunda bir gencin yaralanmas\u0131 bir di\u011ferinin de tutuklanmas\u0131na yol a\u00e7t\u0131.<\/p>\n<p>Ramallah&#8217;\u0131n kuzeyindeki Naalin, Kfar Naama ve Bi&#8217;r Zeyt, Beyt Lahm&#8217;a ba\u011fl\u0131 Harmala ve Taku&#8217; ile Nablus&#8217;un do\u011fusundaki Rummana, el Zebabda ve Balata Kamp\u0131&#8217;ndan 10 Filistinliyi tutuklad\u0131.<\/p>\n<p><a class=\"oajrlxb2 g5ia77u1 qu0x051f esr5mh6w e9989ue4 r7d6kgcz rq0escxv nhd2j8a9 nc684nl6 p7hjln8o kvgmc6g5 cxmmr5t8 oygrvhab hcukyx3x jb3vyjys rz4wbd8a qt6c0cv9 a8nywdso i1ao9s8h esuyzwwr f1sip0of lzcic4wl gpro0wi8 q66pz984 b1v8xokw\" tabindex=\"0\" role=\"link\" href=\"https:\/\/www.facebook.com\/hashtag\/telegram_kanal%C4%B1m%C4%B1z?__eep__=6&amp;__cft__[0]=AZUn6pa_kMDjoaN5sbzr-UN_4zugG7Yam2ryEUDd81EG1p7I-4e91ceuhbX0-fSNRO1k0RslpDugvE26ww23s_DpqX49FNXMNQYsfDAfhSQoidE9dwh_6Rh_XUO62cpK-3T7ACe-3EnLOEJ4FuYct5PT&amp;__tn__=*NK-R\">#Telegram_Kanal\u0131m\u0131z<\/a>: <a class=\"oajrlxb2 g5ia77u1 qu0x051f esr5mh6w e9989ue4 r7d6kgcz rq0escxv nhd2j8a9 nc684nl6 p7hjln8o kvgmc6g5 cxmmr5t8 oygrvhab hcukyx3x jb3vyjys rz4wbd8a qt6c0cv9 a8nywdso i1ao9s8h esuyzwwr f1sip0of lzcic4wl gpro0wi8 py34i1dx\" tabindex=\"0\" role=\"link\" href=\"https:\/\/t.me\/SuriyeArapHaberAjans?fbclid=IwAR0VeRLtlLh5EJk9mp72byyd31ZwADNcOK2Mu7tQZp9ZQTfqU3_Xb70DqGU\" target=\"_blank\" rel=\"nofollow noopener\">https:\/\/t.me\/SuriyeArapHaberAjans<\/a><\/p>\n<p>&nbsp;<\/p>\n","protected":false},"excerpt":{"rendered":"<p>\u0130\u015eGAL ED\u0130LEN KUD\u00dcS \u2013 Bat\u0131 Yaka&#8217;n\u0131n muhtelif b\u00f6lgelerinde bu sabah i\u015fgalci \u0130srail kuvvetlerinin bask\u0131nlar\u0131 sonucunda 1 Filistinli yaraland\u0131 11 ki\u015fi de tutukland\u0131. Filistinli MAAN, i\u015fgal kuvvetlerinin Cenin&#8217;deki el Rummana ve El Zebabda k\u00f6ylerini yo\u011fun ate\u015f ortam\u0131nda basmas\u0131 sonucunda bir gencin yaralanmas\u0131 bir di\u011ferinin de tutuklanmas\u0131na yol a\u00e7t\u0131. Ramallah&#8217;\u0131n kuzeyindeki Naalin, Kfar Naama ve Bi&#8217;r Zeyt, &hellip;<\/p>\n","protected":false},"author":39,"featured_media":255511,"comment_status":"closed","ping_status":"closed","sticky":false,"template":"","format":"standard","meta":{"footnotes":""},"categories":[458,459,17988],"tags":[],"class_list":["post-255510","post","type-post","status-publish","format-standard","has-post-thumbnail","","category-dunya1","category-haberler-arap-uluslararasi-politika","category-son-haberler"],"_links":{"self":[{"href":"https:\/\/archive.sana.sy\/tr\/index.php?rest_route=\/wp\/v2\/posts\/255510","targetHints":{"allow":["GET"]}}],"collection":[{"href":"https:\/\/archive.sana.sy\/tr\/index.php?rest_route=\/wp\/v2\/posts"}],"about":[{"href":"https:\/\/archive.sana.sy\/tr\/index.php?rest_route=\/wp\/v2\/types\/post"}],"author":[{"embeddable":true,"href":"https:\/\/archive.sana.sy\/tr\/index.php?rest_route=\/wp\/v2\/users\/39"}],"replies":[{"embeddable":true,"href":"https:\/\/archive.sana.sy\/tr\/index.php?rest_route=%2Fwp%2Fv2%2Fcomments&post=255510"}],"version-history":[{"count":0,"href":"https:\/\/archive.sana.sy\/tr\/index.php?rest_route=\/wp\/v2\/posts\/255510\/revisions"}],"wp:featuredmedia":[{"embeddable":true,"href":"https:\/\/archive.sana.sy\/tr\/index.php?rest_route=\/wp\/v2\/media\/255511"}],"wp:attachment":[{"href":"https:\/\/archive.sana.sy\/tr\/index.php?rest_route=%2Fwp%2Fv2%2Fmedia&parent=255510"}],"wp:term":[{"taxonomy":"category","embeddable":true,"href":"https:\/\/archive.sana.sy\/tr\/index.php?rest_route=%2Fwp%2Fv2%2Fcategories&post=255510"},{"taxonomy":"post_tag","embeddable":true,"href":"https:\/\/archive.sana.sy\/tr\/index.php?rest_route=%2Fwp%2Fv2%2Ftags&post=255510"}],"curies":[{"name":"wp","href":"https:\/\/api.w.org\/{rel}","templated":true}]}}