{"id":255555,"date":"2022-05-23T12:57:26","date_gmt":"2022-05-23T09:57:26","guid":{"rendered":"http:\/\/107.6.182.27\/tr\/?p=255555"},"modified":"2022-05-25T08:18:58","modified_gmt":"2022-05-25T05:18:58","slug":"samdaki-sendikalar-genel-federasyonunun-sergisinde-calisan-kadinlarin-geleneksel-el-sanatlari","status":"publish","type":"post","link":"https:\/\/archive.sana.sy\/tr\/?p=255555","title":{"rendered":"\u015eam&#8217;daki Sendikalar Genel Federasyonu&#8217;nun Sergisinde \u00c7al\u0131\u015fan Kad\u0131nlar\u0131n Geleneksel El Sanatlar\u0131"},"content":{"rendered":"<p>\u015eAM &#8211; \u015eam Sendikalar Genel Federasyonu Emek\u00e7i Kad\u0131nlar Komitesi&#8217;nin sendika binas\u0131nda, sendika ve meslek birliklerinde \u00e7al\u0131\u015fan 27 kad\u0131n\u0131n kat\u0131l\u0131m\u0131yla d\u00fczenledi\u011fi sergide, \u00f6zenli ve \u00e7e\u015fitli el sanatlar\u0131 yer ald\u0131.<\/p>\n<p>Sendikada kad\u0131n komitesi \u00a0\u00e7al\u0131\u015fanlar\u0131ndan Akkar Al Ali, Sabun, antika, geri d\u00f6n\u00fc\u015ft\u00fcr\u00fclerek \u00fcretilen \u00fcr\u00fcnler, ofis aksesuarlar\u0131, giysi, kilim, sepet ve cam \u00fczerine g\u00fcm\u00fc\u015f gibi el yap\u0131m\u0131 \u00fcr\u00fcnlerin yer ald\u0131\u011f\u0131 sergi, Suriyeli kad\u0131nlar\u0131 g\u00fc\u00e7lendirmeyi ve \u00fcr\u00fcnlerini pazarlamalar\u0131na yard\u0131mc\u0131 olmay\u0131 ama\u00e7lad\u0131\u011f\u0131n\u0131 ifade etti.<img loading=\"lazy\" decoding=\"async\" class=\"size-full wp-image-255557 alignright\" src=\"http:\/\/107.6.182.27\/tr\/wp-content\/uploads\/2022\/05\/999_1456-300x164-1.jpg\" alt=\"\" width=\"300\" height=\"164\" srcset=\"https:\/\/archive.sana.sy\/tr\/wp-content\/uploads\/2022\/05\/999_1456-300x164-1.jpg 300w, https:\/\/archive.sana.sy\/tr\/wp-content\/uploads\/2022\/05\/999_1456-300x164-1-150x82.jpg 150w\" sizes=\"auto, (max-width: 300px) 100vw, 300px\" \/><\/p>\n<p>\u015eam \u00dcniversitesi sendika komitesi ba\u015fkan\u0131 Feyza Vennus&#8217;un sergiye kat\u0131l\u0131m\u0131n\u0131n balmumu kapl\u0131 korni\u015ften g\u00fcller ve g\u00fcm\u00fc\u015f, kalay ve ta\u015flar, serginin meslekta\u015flar\u0131n\u0131n deneyimlerinden faydalanmas\u0131 i\u00e7in onu bilgilendirmedeki rol\u00fcne dikkat \u00e7ekti.<\/p>\n<p>SANA haber ajans\u0131ndan gazeteci Rudeyna Al Akbani, boncuk, metal, ka\u011f\u0131t ve kristalden olu\u015fan bir grup aksesuar ve el sanatlar\u0131n\u0131 tan\u0131t\u0131rken, bunlar\u0131 herkese uygun ve zevklerine uygun fiyatlarla satt\u0131\u011f\u0131n\u0131 belirtti.<\/p>\n<p>Al Akbani, \u00fcr\u00fcnlerini sosyal payla\u015f\u0131m sitelerindeki sayfalar\u0131 arac\u0131l\u0131\u011f\u0131yla pazarlarken ilk kat\u0131l\u0131m oldu\u011funu ve \u00f6zellikle Suriyeli kad\u0131nlar\u0131n elleriyle yarat\u0131lan el sanatlar\u0131n\u0131n m\u00fckemmelle\u015ftirilmesi ve m\u00fckemmelle\u015ftirilmesi nedeniyle i\u00e7 ve d\u0131\u015f sergilere kat\u0131lmay\u0131 arzu etti\u011fini belirtti.<img loading=\"lazy\" decoding=\"async\" class=\"size-full wp-image-255558 alignright\" src=\"http:\/\/107.6.182.27\/tr\/wp-content\/uploads\/2022\/05\/roudaina-300x162-1.jpg\" alt=\"\" width=\"300\" height=\"162\" srcset=\"https:\/\/archive.sana.sy\/tr\/wp-content\/uploads\/2022\/05\/roudaina-300x162-1.jpg 300w, https:\/\/archive.sana.sy\/tr\/wp-content\/uploads\/2022\/05\/roudaina-300x162-1-150x81.jpg 150w\" sizes=\"auto, (max-width: 300px) 100vw, 300px\" \/><\/p>\n<p>Bay\u0131nd\u0131rl\u0131k ve \u0130skan Bakanl\u0131\u011f\u0131 etkinlik yetkilisi Maha Hicazi, \u015eam \u0130\u015f\u00e7i Sendikas\u0131&#8217;nda tekstil geri d\u00f6n\u00fc\u015f\u00fcm\u00fc alan\u0131nda e\u011fitim g\u00f6rd\u00fckten sonra el sanatlar\u0131n\u0131 dekoratif tablolarla sergiledi\u011fini ve sergiye kat\u0131ld\u0131\u011f\u0131n\u0131 belirterek, kad\u0131nlar\u0131 becerilerini ve deneyimlerini kullanmaya ve bunlar\u0131 yararl\u0131 el i\u015flerinde kullanmaya \u00e7a\u011f\u0131rd\u0131.<\/p>\n<p>Sanayi Bakanl\u0131\u011f\u0131 \u00e7al\u0131\u015fan\u0131 Hasna Said, &#8220;Eski el sanatlar\u0131n\u0131 canland\u0131rmak i\u00e7in resim ve dekoratif \u00e7izimlerin yan\u0131 s\u0131ra geri d\u00f6n\u00fc\u015ft\u00fcr\u00fclm\u00fc\u015f kuma\u015flardan yapt\u0131\u011f\u0131m el i\u015flerimi sergilemeye karar verdim. Kad\u0131nlar\u0131n \u00fcr\u00fcnlerini pazarlamas\u0131 i\u00e7in f\u0131rsat&#8221; dedi.<img loading=\"lazy\" decoding=\"async\" class=\"size-full wp-image-255559 alignright\" src=\"http:\/\/107.6.182.27\/tr\/wp-content\/uploads\/2022\/05\/999_1442-300x172-1.jpg\" alt=\"\" width=\"300\" height=\"172\" srcset=\"https:\/\/archive.sana.sy\/tr\/wp-content\/uploads\/2022\/05\/999_1442-300x172-1.jpg 300w, https:\/\/archive.sana.sy\/tr\/wp-content\/uploads\/2022\/05\/999_1442-300x172-1-150x86.jpg 150w\" sizes=\"auto, (max-width: 300px) 100vw, 300px\" \/><\/p>\n<p>Tar\u0131msal Kalk\u0131nma \u0130\u015f\u00e7ileri Sendikas\u0131&#8217;ndan Fevziye Hicazi, ah\u015fap, kenevir ipli\u011fi, boyama, g\u00fcm\u00fc\u015f i\u015fleme gibi geri d\u00f6n\u00fc\u015f\u00fcm kullan\u0131lan \u00fcr\u00fcnleri ile dekorasyonda at\u0131k ve ka\u011f\u0131t kullan\u0131m\u0131 gibi \u00fcr\u00fcnlerin sergilenmesine kat\u0131ld\u0131\u011f\u0131n\u0131 belirterek, s\u00f6z konusu geri d\u00f6n\u00fc\u015f\u00fcm\u00fcn kad\u0131nlar\u0131n \u00fczerindeki y\u00fck\u00fc azaltt\u0131\u011f\u0131na dikkat \u00e7ekti.<\/p>\n<p>Al Esad \u00dcniversite Hastanesi&#8217;nde m\u00fchendis olan Samiya Al Sayyid, gelirleri kendilerine iade etmek i\u00e7in engelli \u00e7ocuklar taraf\u0131ndan yap\u0131lan bir grup \u00e7anta ve sepetleri sergiledi\u011fine dikkat \u00e7ekerken, Devlet ve Belediye \u0130\u015f\u00e7ileri Sendikas\u0131&#8217;ndan Cumana Kinani de, kat\u0131l\u0131m\u0131, tekrar kullan\u0131labilecek fazla kuma\u015flar\u0131n geri d\u00f6n\u00fc\u015ft\u00fcr\u00fclmesini i\u00e7erdi.<\/p>\n<p><a class=\"oajrlxb2 g5ia77u1 qu0x051f esr5mh6w e9989ue4 r7d6kgcz rq0escxv nhd2j8a9 nc684nl6 p7hjln8o kvgmc6g5 cxmmr5t8 oygrvhab hcukyx3x jb3vyjys rz4wbd8a qt6c0cv9 a8nywdso i1ao9s8h esuyzwwr f1sip0of lzcic4wl gpro0wi8 q66pz984 b1v8xokw\" tabindex=\"0\" role=\"link\" href=\"https:\/\/www.facebook.com\/hashtag\/telegram_kanal%C4%B1m%C4%B1z?__eep__=6&amp;__cft__[0]=AZUn6pa_kMDjoaN5sbzr-UN_4zugG7Yam2ryEUDd81EG1p7I-4e91ceuhbX0-fSNRO1k0RslpDugvE26ww23s_DpqX49FNXMNQYsfDAfhSQoidE9dwh_6Rh_XUO62cpK-3T7ACe-3EnLOEJ4FuYct5PT&amp;__tn__=*NK-R\">#Telegram_Kanal\u0131m\u0131z<\/a>: <a class=\"oajrlxb2 g5ia77u1 qu0x051f esr5mh6w e9989ue4 r7d6kgcz rq0escxv nhd2j8a9 nc684nl6 p7hjln8o kvgmc6g5 cxmmr5t8 oygrvhab hcukyx3x jb3vyjys rz4wbd8a qt6c0cv9 a8nywdso i1ao9s8h esuyzwwr f1sip0of lzcic4wl gpro0wi8 py34i1dx\" tabindex=\"0\" role=\"link\" href=\"https:\/\/t.me\/SuriyeArapHaberAjans?fbclid=IwAR0VeRLtlLh5EJk9mp72byyd31ZwADNcOK2Mu7tQZp9ZQTfqU3_Xb70DqGU\" target=\"_blank\" rel=\"nofollow noopener\">https:\/\/t.me\/SuriyeArapHaberAjans<\/a><\/p>\n","protected":false},"excerpt":{"rendered":"<p>\u015eAM &#8211; \u015eam Sendikalar Genel Federasyonu Emek\u00e7i Kad\u0131nlar Komitesi&#8217;nin sendika binas\u0131nda, sendika ve meslek birliklerinde \u00e7al\u0131\u015fan 27 kad\u0131n\u0131n kat\u0131l\u0131m\u0131yla d\u00fczenledi\u011fi sergide, \u00f6zenli ve \u00e7e\u015fitli el sanatlar\u0131 yer ald\u0131. Sendikada kad\u0131n komitesi \u00a0\u00e7al\u0131\u015fanlar\u0131ndan Akkar Al Ali, Sabun, antika, geri d\u00f6n\u00fc\u015ft\u00fcr\u00fclerek \u00fcretilen \u00fcr\u00fcnler, ofis aksesuarlar\u0131, giysi, kilim, sepet ve cam \u00fczerine g\u00fcm\u00fc\u015f gibi el yap\u0131m\u0131 \u00fcr\u00fcnlerin yer &hellip;<\/p>\n","protected":false},"author":1,"featured_media":255556,"comment_status":"closed","ping_status":"closed","sticky":false,"template":"","format":"standard","meta":{"footnotes":""},"categories":[526,479,17988,525,478],"tags":[],"class_list":["post-255555","post","type-post","status-publish","format-standard","has-post-thumbnail","","category-haber-ve-raporlar","category-haberler-yerel","category-son-haberler","category-toplum","category-yerel"],"_links":{"self":[{"href":"https:\/\/archive.sana.sy\/tr\/index.php?rest_route=\/wp\/v2\/posts\/255555","targetHints":{"allow":["GET"]}}],"collection":[{"href":"https:\/\/archive.sana.sy\/tr\/index.php?rest_route=\/wp\/v2\/posts"}],"about":[{"href":"https:\/\/archive.sana.sy\/tr\/index.php?rest_route=\/wp\/v2\/types\/post"}],"author":[{"embeddable":true,"href":"https:\/\/archive.sana.sy\/tr\/index.php?rest_route=\/wp\/v2\/users\/1"}],"replies":[{"embeddable":true,"href":"https:\/\/archive.sana.sy\/tr\/index.php?rest_route=%2Fwp%2Fv2%2Fcomments&post=255555"}],"version-history":[{"count":0,"href":"https:\/\/archive.sana.sy\/tr\/index.php?rest_route=\/wp\/v2\/posts\/255555\/revisions"}],"wp:featuredmedia":[{"embeddable":true,"href":"https:\/\/archive.sana.sy\/tr\/index.php?rest_route=\/wp\/v2\/media\/255556"}],"wp:attachment":[{"href":"https:\/\/archive.sana.sy\/tr\/index.php?rest_route=%2Fwp%2Fv2%2Fmedia&parent=255555"}],"wp:term":[{"taxonomy":"category","embeddable":true,"href":"https:\/\/archive.sana.sy\/tr\/index.php?rest_route=%2Fwp%2Fv2%2Fcategories&post=255555"},{"taxonomy":"post_tag","embeddable":true,"href":"https:\/\/archive.sana.sy\/tr\/index.php?rest_route=%2Fwp%2Fv2%2Ftags&post=255555"}],"curies":[{"name":"wp","href":"https:\/\/api.w.org\/{rel}","templated":true}]}}