{"id":255659,"date":"2022-05-24T23:22:26","date_gmt":"2022-05-24T20:22:26","guid":{"rendered":"http:\/\/107.6.182.27\/tr\/?p=255659"},"modified":"2022-05-26T08:08:12","modified_gmt":"2022-05-26T05:08:12","slug":"mikdad-ve-abdullahian-telefonda-ortak-cikarlari-gorustuler","status":"publish","type":"post","link":"https:\/\/archive.sana.sy\/tr\/?p=255659","title":{"rendered":"Mikdad ve Abdullahian Telefonda Ortak \u00c7\u0131karlar\u0131 G\u00f6r\u00fc\u015ft\u00fcler"},"content":{"rendered":"<p style=\"text-align: justify;\">\u015eAM \u2013 D\u0131\u015fi\u015fleri ve Gurbet\u00e7iler Bakan\u0131 Feysal el Mikdad bug\u00fcn, \u0130ran D\u0131\u015fi\u015fleri Bakan\u0131 H\u00fcseyin Amir Abdollahian&#8217;dan ortak \u00e7\u0131kar konular\u0131n\u0131 tart\u0131\u015ft\u0131klar\u0131 ve bir dizi b\u00f6lgesel mesele hakk\u0131nda g\u00f6r\u00fc\u015f al\u0131\u015fveri\u015finde bulunduklar\u0131 bir telefon ald\u0131.<\/p>\n<p style=\"text-align: justify;\">\u0130ki bakan g\u00f6r\u00fc\u015fmede, b\u00f6lgedeki geli\u015fmeler ile b\u00f6lgesel ve uluslararas\u0131 geli\u015fmelere ili\u015fkin koordinasyonun ve organize isti\u015farelerin s\u00fcrd\u00fcr\u00fclmesi vurgulan\u0131rken, iki \u00fclke aras\u0131ndaki i\u015fbirli\u011fi ara\u00e7lar\u0131n\u0131 da ele ald\u0131lar.<\/p>\n<p style=\"text-align: justify;\">Bakan el Mikdad, Suriye ile \u0130ran aras\u0131ndaki ili\u015fkilerin geli\u015fmesinden ve onlar\u0131 siyasi, ekonomik ve bilimsel alanlarda zorlaman\u0131n \u00f6neminden duydu\u011fu memnuniyeti dile getirerek, Suriye&#8217;nin \u0130ran&#8217;\u0131n kendisine s\u00fcrekli deste\u011fini takdir etti\u011fini ifade etti.<\/p>\n<p style=\"text-align: justify;\">\u00d6te yandan Abdullahian, Suriye ile \u0130ran aras\u0131ndaki stratejik ili\u015fkilerin derinli\u011fini vurgulad\u0131 ve \u00fclkesinin Suriye&#8217;ye ve halk\u0131na verdi\u011fi deste\u011fi ve Bat\u0131&#8217;n\u0131n kendisine dayatt\u0131\u011f\u0131 bask\u0131c\u0131 tedbirlerin olumsuz etkilerinin \u00fcstesinden gelmek i\u00e7in gerekli yard\u0131m\u0131 sa\u011flamaya devam etti\u011fini yineledi.<\/p>\n<p style=\"text-align: justify;\">\u0130ki bakan g\u00f6r\u00fc\u015fme s\u0131ras\u0131nda b\u00f6lgeye hakim olan ve do\u011fu Suriye, Irak, \u0130ran ve K\u00f6rfez b\u00f6lgesi de dahil olmak \u00fczere bir\u00e7ok \u00fclkesinde kum f\u0131rt\u0131nalar\u0131na neden olan ve ya\u015fam\u0131n ve kamu tesislerinin aksamas\u0131na neden olan iklim ko\u015fullar\u0131n\u0131 da ele ald\u0131. Bu ba\u011flamda ayr\u0131ca, bu fenomenlerle ba\u015fa \u00e7\u0131kman\u0131n yollar\u0131n\u0131 tart\u0131\u015fmak ve bunlarla y\u00fczle\u015fmek i\u00e7in gerekli \u00f6nlemleri almak i\u00e7in s\u00fcrekli koordinasyon ve isti\u015farenin \u00f6nemi vurguland\u0131.<\/p>\n<p style=\"text-align: justify;\">P.M.<\/p>\n","protected":false},"excerpt":{"rendered":"<p>\u015eAM \u2013 D\u0131\u015fi\u015fleri ve Gurbet\u00e7iler Bakan\u0131 Feysal el Mikdad bug\u00fcn, \u0130ran D\u0131\u015fi\u015fleri Bakan\u0131 H\u00fcseyin Amir Abdollahian&#8217;dan ortak \u00e7\u0131kar konular\u0131n\u0131 tart\u0131\u015ft\u0131klar\u0131 ve bir dizi b\u00f6lgesel mesele hakk\u0131nda g\u00f6r\u00fc\u015f al\u0131\u015fveri\u015finde bulunduklar\u0131 bir telefon ald\u0131. \u0130ki bakan g\u00f6r\u00fc\u015fmede, b\u00f6lgedeki geli\u015fmeler ile b\u00f6lgesel ve uluslararas\u0131 geli\u015fmelere ili\u015fkin koordinasyonun ve organize isti\u015farelerin s\u00fcrd\u00fcr\u00fclmesi vurgulan\u0131rken, iki \u00fclke aras\u0131ndaki i\u015fbirli\u011fi ara\u00e7lar\u0131n\u0131 da &hellip;<\/p>\n","protected":false},"author":1,"featured_media":255660,"comment_status":"closed","ping_status":"closed","sticky":false,"template":"","format":"standard","meta":{"footnotes":""},"categories":[458,459,17988],"tags":[],"class_list":["post-255659","post","type-post","status-publish","format-standard","has-post-thumbnail","","category-dunya1","category-haberler-arap-uluslararasi-politika","category-son-haberler"],"_links":{"self":[{"href":"https:\/\/archive.sana.sy\/tr\/index.php?rest_route=\/wp\/v2\/posts\/255659","targetHints":{"allow":["GET"]}}],"collection":[{"href":"https:\/\/archive.sana.sy\/tr\/index.php?rest_route=\/wp\/v2\/posts"}],"about":[{"href":"https:\/\/archive.sana.sy\/tr\/index.php?rest_route=\/wp\/v2\/types\/post"}],"author":[{"embeddable":true,"href":"https:\/\/archive.sana.sy\/tr\/index.php?rest_route=\/wp\/v2\/users\/1"}],"replies":[{"embeddable":true,"href":"https:\/\/archive.sana.sy\/tr\/index.php?rest_route=%2Fwp%2Fv2%2Fcomments&post=255659"}],"version-history":[{"count":0,"href":"https:\/\/archive.sana.sy\/tr\/index.php?rest_route=\/wp\/v2\/posts\/255659\/revisions"}],"wp:featuredmedia":[{"embeddable":true,"href":"https:\/\/archive.sana.sy\/tr\/index.php?rest_route=\/wp\/v2\/media\/255660"}],"wp:attachment":[{"href":"https:\/\/archive.sana.sy\/tr\/index.php?rest_route=%2Fwp%2Fv2%2Fmedia&parent=255659"}],"wp:term":[{"taxonomy":"category","embeddable":true,"href":"https:\/\/archive.sana.sy\/tr\/index.php?rest_route=%2Fwp%2Fv2%2Fcategories&post=255659"},{"taxonomy":"post_tag","embeddable":true,"href":"https:\/\/archive.sana.sy\/tr\/index.php?rest_route=%2Fwp%2Fv2%2Ftags&post=255659"}],"curies":[{"name":"wp","href":"https:\/\/api.w.org\/{rel}","templated":true}]}}