{"id":255664,"date":"2022-05-25T08:35:20","date_gmt":"2022-05-25T05:35:20","guid":{"rendered":"http:\/\/107.6.182.27\/tr\/?p=255664"},"modified":"2022-05-26T08:08:45","modified_gmt":"2022-05-26T05:08:45","slug":"birlesmis-milletler-suriyenin-birligine-ve-toprak-butunlugune-bagliligi-teyit-ediyor","status":"publish","type":"post","link":"https:\/\/archive.sana.sy\/tr\/?p=255664","title":{"rendered":"Birle\u015fmi\u015f Milletler, Suriye&#8217;nin Birli\u011fine Ve Toprak B\u00fct\u00fcnl\u00fc\u011f\u00fcne Ba\u011fl\u0131l\u0131\u011f\u0131 Teyit Ediyor"},"content":{"rendered":"<p>NEW YORK \u2013 Birle\u015fmi\u015f Milletler, Suriye&#8217;nin birli\u011fi ve toprak b\u00fct\u00fcnl\u00fc\u011f\u00fcne ba\u011fl\u0131l\u0131\u011f\u0131n\u0131 yineleyerek, T\u00fcrk rejiminin Suriye&#8217;nin kuzeyinde s\u00f6zde &#8220;g\u00fcvenli&#8221; bir b\u00f6lge olu\u015fturmak i\u00e7in Suriye topraklar\u0131n\u0131n bir k\u0131sm\u0131na sald\u0131rma planlar\u0131n\u0131 reddetti\u011fini ilan etti.<\/p>\n<p>Birle\u015fmi\u015f Milletler Genel Sekreteri S\u00f6zc\u00fcs\u00fc Stephane Dujarric, T\u00fcrkiye Cumhurba\u015fkan\u0131 Recep Tayyip Erdo\u011fan&#8217;\u0131n Suriye s\u0131n\u0131r\u0131na askeri operasyon d\u00fczenleme tehdidiyle ilgili bir soruya yan\u0131t olarak: \u201cSuriye&#8217;nin b\u00fct\u00fcnl\u00fc\u011f\u00fcn\u00fc ve toprak b\u00fct\u00fcnl\u00fc\u011f\u00fcn\u00fc savunan tutumumuza ba\u011fl\u0131l\u0131\u011f\u0131m\u0131z\u0131 teyit ediyoruz&#8221; dedi.<\/p>\n<p>Birle\u015fmi\u015f Milletler Genel Sekreteri S\u00f6zc\u00fcs\u00fc, Suriye&#8217;nin herhangi bir partiden daha fazla askeri operasyona ihtiyac\u0131 yok, ancak ihtiyac\u0131 olan \u015fey siyasi bir \u00e7\u00f6z\u00fcm ve daha fazla insani yard\u0131m.. bunlar \u00dczerinde \u00e7al\u0131\u015ft\u0131\u011f\u0131m\u0131z \u015feylerdir&#8221;<\/p>\n","protected":false},"excerpt":{"rendered":"<p>NEW YORK \u2013 Birle\u015fmi\u015f Milletler, Suriye&#8217;nin birli\u011fi ve toprak b\u00fct\u00fcnl\u00fc\u011f\u00fcne ba\u011fl\u0131l\u0131\u011f\u0131n\u0131 yineleyerek, T\u00fcrk rejiminin Suriye&#8217;nin kuzeyinde s\u00f6zde &#8220;g\u00fcvenli&#8221; bir b\u00f6lge olu\u015fturmak i\u00e7in Suriye topraklar\u0131n\u0131n bir k\u0131sm\u0131na sald\u0131rma planlar\u0131n\u0131 reddetti\u011fini ilan etti. Birle\u015fmi\u015f Milletler Genel Sekreteri S\u00f6zc\u00fcs\u00fc Stephane Dujarric, T\u00fcrkiye Cumhurba\u015fkan\u0131 Recep Tayyip Erdo\u011fan&#8217;\u0131n Suriye s\u0131n\u0131r\u0131na askeri operasyon d\u00fczenleme tehdidiyle ilgili bir soruya yan\u0131t olarak: \u201cSuriye&#8217;nin &hellip;<\/p>\n","protected":false},"author":36,"featured_media":255665,"comment_status":"closed","ping_status":"closed","sticky":false,"template":"","format":"standard","meta":{"footnotes":""},"categories":[458,459,17988],"tags":[],"class_list":["post-255664","post","type-post","status-publish","format-standard","has-post-thumbnail","","category-dunya1","category-haberler-arap-uluslararasi-politika","category-son-haberler"],"_links":{"self":[{"href":"https:\/\/archive.sana.sy\/tr\/index.php?rest_route=\/wp\/v2\/posts\/255664","targetHints":{"allow":["GET"]}}],"collection":[{"href":"https:\/\/archive.sana.sy\/tr\/index.php?rest_route=\/wp\/v2\/posts"}],"about":[{"href":"https:\/\/archive.sana.sy\/tr\/index.php?rest_route=\/wp\/v2\/types\/post"}],"author":[{"embeddable":true,"href":"https:\/\/archive.sana.sy\/tr\/index.php?rest_route=\/wp\/v2\/users\/36"}],"replies":[{"embeddable":true,"href":"https:\/\/archive.sana.sy\/tr\/index.php?rest_route=%2Fwp%2Fv2%2Fcomments&post=255664"}],"version-history":[{"count":0,"href":"https:\/\/archive.sana.sy\/tr\/index.php?rest_route=\/wp\/v2\/posts\/255664\/revisions"}],"wp:featuredmedia":[{"embeddable":true,"href":"https:\/\/archive.sana.sy\/tr\/index.php?rest_route=\/wp\/v2\/media\/255665"}],"wp:attachment":[{"href":"https:\/\/archive.sana.sy\/tr\/index.php?rest_route=%2Fwp%2Fv2%2Fmedia&parent=255664"}],"wp:term":[{"taxonomy":"category","embeddable":true,"href":"https:\/\/archive.sana.sy\/tr\/index.php?rest_route=%2Fwp%2Fv2%2Fcategories&post=255664"},{"taxonomy":"post_tag","embeddable":true,"href":"https:\/\/archive.sana.sy\/tr\/index.php?rest_route=%2Fwp%2Fv2%2Ftags&post=255664"}],"curies":[{"name":"wp","href":"https:\/\/api.w.org\/{rel}","templated":true}]}}