{"id":255749,"date":"2022-05-26T11:25:02","date_gmt":"2022-05-26T08:25:02","guid":{"rendered":"http:\/\/107.6.182.27\/tr\/?p=255749"},"modified":"2022-05-27T08:52:24","modified_gmt":"2022-05-27T05:52:24","slug":"imar-asamasinda-yatirim-beklentileri-ve-vizyonlari-konferansi-samda-calismalarina-devam-ediyor","status":"publish","type":"post","link":"https:\/\/archive.sana.sy\/tr\/?p=255749","title":{"rendered":"\u201c\u0130mar A\u015famas\u0131nda Yat\u0131r\u0131m Beklentileri ve Vizyonlar\u0131\u201d Konferans\u0131 \u00c7al\u0131\u015fmalar\u0131na Devam Ediyor"},"content":{"rendered":"<p>\u015eAM \u2013 \u201c\u0130mar A\u015famas\u0131nda Yat\u0131r\u0131m Beklentileri ve Vizyonlar\u0131\u201d Suriye Ekonomi Konferans\u0131 bug\u00fcn \u015eam&#8217;daki Emevi Konferans Saray\u0131&#8217;nda \u00e7al\u0131\u015fmalar\u0131na devam etti.<\/p>\n<p>D\u00fcn ba\u015flat\u0131lan konferans, Suriye&#8217;deki yat\u0131r\u0131m ger\u00e7e\u011fini tart\u0131\u015fmay\u0131 ve mevcut ko\u015fullar alt\u0131nda mevcut yat\u0131r\u0131m f\u0131rsatlar\u0131n\u0131 tan\u0131tmay\u0131 ama\u00e7l\u0131yor.<\/p>\n<p>Bug\u00fcnk\u00fc oturumlarda, gurbet\u00e7ilerin yat\u0131r\u0131m ve yeniden yap\u0131lanmadaki rol\u00fc, cazip bir yat\u0131r\u0131m ortam\u0131 yaratmak i\u00e7in serbest b\u00f6lgeler ve sanayi \u015fehirleri ger\u00e7e\u011fi ve bunlara yat\u0131r\u0131m yapma ad\u0131mlar\u0131 ve i\u015f sekt\u00f6r\u00fc ile ortakl\u0131k ve Yerel Y\u00f6netim Bakanl\u0131\u011f\u0131&#8217;n\u0131n sundu\u011fu hizmetler tart\u0131\u015f\u0131lacak.<\/p>\n<p>Kat\u0131l\u0131mc\u0131lar ayr\u0131ca, alternatif enerjiler, turizm ve Suriye&#8217;deki sigorta ger\u00e7e\u011fi alanlar\u0131nda harita ve yat\u0131r\u0131m f\u0131rsatlar\u0131n\u0131 tart\u0131\u015facaklar.<\/p>\n<p>Konferans \u00e7al\u0131\u015fmalar\u0131, \u00e7e\u015fitli bakanl\u0131klar ile kamu ve \u00f6zel kurulu\u015flar\u0131n temsilcilerinin kat\u0131l\u0131m\u0131yla yar\u0131na kadar devam edecek.<\/p>\n<p><a class=\"oajrlxb2 g5ia77u1 qu0x051f esr5mh6w e9989ue4 r7d6kgcz rq0escxv nhd2j8a9 nc684nl6 p7hjln8o kvgmc6g5 cxmmr5t8 oygrvhab hcukyx3x jb3vyjys rz4wbd8a qt6c0cv9 a8nywdso i1ao9s8h esuyzwwr f1sip0of lzcic4wl gpro0wi8 q66pz984 b1v8xokw\" tabindex=\"0\" role=\"link\" href=\"https:\/\/www.facebook.com\/hashtag\/telegram_kanal%C4%B1m%C4%B1z?__eep__=6&amp;__cft__[0]=AZWHUcL97MhBhUXFcXvxOYZaBVk8OlZgb2i5mw-vEEShrIaOhb5Gcze8HAKjIcL-5qkjnVzfbFLuRmnkf50RO83PFCEyCvmGy6Xh3v3ueWDAD69W6xV4Ak6CJkSpHNqVlScJG8pq48mCWMVeeXPNdDNp&amp;__tn__=*NK-R\">#Telegram_Kanal\u0131m\u0131z<\/a>:\u00a0<a class=\"oajrlxb2 g5ia77u1 qu0x051f esr5mh6w e9989ue4 r7d6kgcz rq0escxv nhd2j8a9 nc684nl6 p7hjln8o kvgmc6g5 cxmmr5t8 oygrvhab hcukyx3x jb3vyjys rz4wbd8a qt6c0cv9 a8nywdso i1ao9s8h esuyzwwr f1sip0of lzcic4wl gpro0wi8 py34i1dx\" tabindex=\"0\" role=\"link\" href=\"https:\/\/t.me\/SuriyeArapHaberAjans?fbclid=IwAR21XjKBkDd1j0lGAgLfxprdowikxuCBzUDKp658j6RRIFz88g4jUTQoRfQ\" target=\"_blank\" rel=\"nofollow noopener\">https:\/\/t.me\/SuriyeArapHaberAjans<\/a><\/p>\n<div id='gallery-1' class='gallery galleryid-255749 gallery-columns-2 gallery-size-full'><figure class='gallery-item'>\n\t\t\t<div class='gallery-icon landscape'>\n\t\t\t\t<a href='https:\/\/archive.sana.sy\/tr\/wp-content\/uploads\/2022\/05\/photo_2022-05-26_09-48-47.jpg'><img loading=\"lazy\" decoding=\"async\" width=\"660\" height=\"370\" src=\"https:\/\/archive.sana.sy\/tr\/wp-content\/uploads\/2022\/05\/photo_2022-05-26_09-48-47.jpg\" class=\"attachment-full size-full\" alt=\"\" srcset=\"https:\/\/archive.sana.sy\/tr\/wp-content\/uploads\/2022\/05\/photo_2022-05-26_09-48-47.jpg 660w, https:\/\/archive.sana.sy\/tr\/wp-content\/uploads\/2022\/05\/photo_2022-05-26_09-48-47-300x168.jpg 300w, https:\/\/archive.sana.sy\/tr\/wp-content\/uploads\/2022\/05\/photo_2022-05-26_09-48-47-150x84.jpg 150w\" sizes=\"auto, (max-width: 660px) 100vw, 660px\" \/><\/a>\n\t\t\t<\/div><\/figure><figure class='gallery-item'>\n\t\t\t<div class='gallery-icon landscape'>\n\t\t\t\t<a href='https:\/\/archive.sana.sy\/tr\/wp-content\/uploads\/2022\/05\/photo_2022-05-26_09-48-56.jpg'><img loading=\"lazy\" decoding=\"async\" width=\"660\" height=\"370\" src=\"https:\/\/archive.sana.sy\/tr\/wp-content\/uploads\/2022\/05\/photo_2022-05-26_09-48-56.jpg\" class=\"attachment-full size-full\" alt=\"\" srcset=\"https:\/\/archive.sana.sy\/tr\/wp-content\/uploads\/2022\/05\/photo_2022-05-26_09-48-56.jpg 660w, https:\/\/archive.sana.sy\/tr\/wp-content\/uploads\/2022\/05\/photo_2022-05-26_09-48-56-300x168.jpg 300w, https:\/\/archive.sana.sy\/tr\/wp-content\/uploads\/2022\/05\/photo_2022-05-26_09-48-56-150x84.jpg 150w\" sizes=\"auto, (max-width: 660px) 100vw, 660px\" \/><\/a>\n\t\t\t<\/div><\/figure>\n\t\t<\/div>\n\n","protected":false},"excerpt":{"rendered":"<p>\u015eAM \u2013 \u201c\u0130mar A\u015famas\u0131nda Yat\u0131r\u0131m Beklentileri ve Vizyonlar\u0131\u201d Suriye Ekonomi Konferans\u0131 bug\u00fcn \u015eam&#8217;daki Emevi Konferans Saray\u0131&#8217;nda \u00e7al\u0131\u015fmalar\u0131na devam etti. D\u00fcn ba\u015flat\u0131lan konferans, Suriye&#8217;deki yat\u0131r\u0131m ger\u00e7e\u011fini tart\u0131\u015fmay\u0131 ve mevcut ko\u015fullar alt\u0131nda mevcut yat\u0131r\u0131m f\u0131rsatlar\u0131n\u0131 tan\u0131tmay\u0131 ama\u00e7l\u0131yor. Bug\u00fcnk\u00fc oturumlarda, gurbet\u00e7ilerin yat\u0131r\u0131m ve yeniden yap\u0131lanmadaki rol\u00fc, cazip bir yat\u0131r\u0131m ortam\u0131 yaratmak i\u00e7in serbest b\u00f6lgeler ve sanayi \u015fehirleri ger\u00e7e\u011fi &hellip;<\/p>\n","protected":false},"author":36,"featured_media":255750,"comment_status":"closed","ping_status":"closed","sticky":false,"template":"","format":"standard","meta":{"footnotes":""},"categories":[479,17988,478],"tags":[],"class_list":["post-255749","post","type-post","status-publish","format-standard","has-post-thumbnail","","category-haberler-yerel","category-son-haberler","category-yerel"],"_links":{"self":[{"href":"https:\/\/archive.sana.sy\/tr\/index.php?rest_route=\/wp\/v2\/posts\/255749","targetHints":{"allow":["GET"]}}],"collection":[{"href":"https:\/\/archive.sana.sy\/tr\/index.php?rest_route=\/wp\/v2\/posts"}],"about":[{"href":"https:\/\/archive.sana.sy\/tr\/index.php?rest_route=\/wp\/v2\/types\/post"}],"author":[{"embeddable":true,"href":"https:\/\/archive.sana.sy\/tr\/index.php?rest_route=\/wp\/v2\/users\/36"}],"replies":[{"embeddable":true,"href":"https:\/\/archive.sana.sy\/tr\/index.php?rest_route=%2Fwp%2Fv2%2Fcomments&post=255749"}],"version-history":[{"count":0,"href":"https:\/\/archive.sana.sy\/tr\/index.php?rest_route=\/wp\/v2\/posts\/255749\/revisions"}],"wp:featuredmedia":[{"embeddable":true,"href":"https:\/\/archive.sana.sy\/tr\/index.php?rest_route=\/wp\/v2\/media\/255750"}],"wp:attachment":[{"href":"https:\/\/archive.sana.sy\/tr\/index.php?rest_route=%2Fwp%2Fv2%2Fmedia&parent=255749"}],"wp:term":[{"taxonomy":"category","embeddable":true,"href":"https:\/\/archive.sana.sy\/tr\/index.php?rest_route=%2Fwp%2Fv2%2Fcategories&post=255749"},{"taxonomy":"post_tag","embeddable":true,"href":"https:\/\/archive.sana.sy\/tr\/index.php?rest_route=%2Fwp%2Fv2%2Ftags&post=255749"}],"curies":[{"name":"wp","href":"https:\/\/api.w.org\/{rel}","templated":true}]}}